{"id":884,"date":"2019-12-28T18:12:26","date_gmt":"2019-12-28T17:12:26","guid":{"rendered":"http:\/\/www.kienzl.net\/blog\/?p=884"},"modified":"2019-12-28T18:14:55","modified_gmt":"2019-12-28T17:14:55","slug":"october-to-dezember-2019","status":"publish","type":"post","link":"https:\/\/www.kienzl.net\/blog\/2019\/12\/october-to-dezember-2019\/","title":{"rendered":"October to December 2019"},"content":{"rendered":"\n<div class=\"wp-block-media-text alignwide is-vertically-aligned-bottom\"><figure class=\"wp-block-media-text__media\"><img loading=\"lazy\" decoding=\"async\" width=\"800\" height=\"534\" src=\"http:\/\/www.kienzl.net\/blog\/wp-content\/uploads\/2019\/12\/Prandtauerpreis_Ernest_Kienzl-web-800.jpg\" alt=\"B\u00fcrgermeister Matthias Stadler mit Prandtauerpreistr\u00e4ger Ernest A. Kienzl und seiner Gattin Renate\" class=\"wp-image-881\" srcset=\"https:\/\/www.kienzl.net\/blog\/wp-content\/uploads\/2019\/12\/Prandtauerpreis_Ernest_Kienzl-web-800.jpg 800w, https:\/\/www.kienzl.net\/blog\/wp-content\/uploads\/2019\/12\/Prandtauerpreis_Ernest_Kienzl-web-800-300x200.jpg 300w, https:\/\/www.kienzl.net\/blog\/wp-content\/uploads\/2019\/12\/Prandtauerpreis_Ernest_Kienzl-web-800-768x513.jpg 768w, https:\/\/www.kienzl.net\/blog\/wp-content\/uploads\/2019\/12\/Prandtauerpreis_Ernest_Kienzl-web-800-624x417.jpg 624w\" sizes=\"auto, (max-width: 800px) 100vw, 800px\" \/><\/figure><div class=\"wp-block-media-text__content\">\n<p class=\"has-normal-font-size\">Presentation of the<br \/><strong> Jakob Prandtauerpreis 2019<\/strong><br \/> of the provincial capital St. P\u00f6lten<br \/> Jakob-Prandtauer prize winner 2019 MMag. Ernest A. Kienzl<br \/>with wife Renate Kienzl and <br \/>mayor Matthias Stadler<br \/>at City Hall.<br \/>Photo: Vorlaufer<\/p>\n<\/div><\/div>\n\n\n\n<div class=\"wp-block-media-text alignwide is-vertically-aligned-bottom\"><figure class=\"wp-block-media-text__media\"><img loading=\"lazy\" decoding=\"async\" width=\"212\" height=\"300\" src=\"http:\/\/www.kienzl.net\/blog\/wp-content\/uploads\/2019\/12\/KUNST_NEIZ_niyreg_Einl-web-300.jpg\" alt=\"kunst.netz.europa 2019 Nyireghaza\" class=\"wp-image-877\"\/><\/figure><div class=\"wp-block-media-text__content\">\n<p>Participation in the exhibition:<br \/>\nart.net.europe 2019<br \/>\nin Ny\u00edregyh\u00e1za (Hungary), exhibition hall P\u00e1l Gyula<\/p>\n\n\n\n<ol class=\"wp-block-list\"><li>to 18. 12. 2019<\/li><\/ol>\n<\/div><\/div>\n\n\n\n<div class=\"wp-block-media-text alignwide is-vertically-aligned-bottom\"><figure class=\"wp-block-media-text__media\"><img loading=\"lazy\" decoding=\"async\" width=\"300\" height=\"302\" src=\"http:\/\/www.kienzl.net\/blog\/wp-content\/uploads\/2019\/12\/73-jahresausstellung-Logo-1-web-300.jpg\" alt=\"\" class=\"wp-image-876\" srcset=\"https:\/\/www.kienzl.net\/blog\/wp-content\/uploads\/2019\/12\/73-jahresausstellung-Logo-1-web-300.jpg 300w, https:\/\/www.kienzl.net\/blog\/wp-content\/uploads\/2019\/12\/73-jahresausstellung-Logo-1-web-300-298x300.jpg 298w, https:\/\/www.kienzl.net\/blog\/wp-content\/uploads\/2019\/12\/73-jahresausstellung-Logo-1-web-300-150x150.jpg 150w\" sizes=\"auto, (max-width: 300px) 100vw, 300px\" \/><\/figure><div class=\"wp-block-media-text__content\">\n<p>Participation in the<br \/> 73rd annual exhibition of the<br \/> St. P\u00f6ltner K\u00fcnstlerbund<br \/>in the city museum of St. P\u00f6lten<\/p>\n\n\n\n<ol class=\"wp-block-list\"><li>\u2013 22. 11. 2019<\/li><\/ol>\n<\/div><\/div>\n\n\n\n<p><\/p>\n","protected":false},"excerpt":{"rendered":"<p>Presentation of the Jakob Prandtauerpreis 2019 of the provincial capital St. P\u00f6lten Jakob-Prandtauer prize winner 2019 MMag. Ernest A. Kienzlwith wife Renate Kienzl and mayor Matthias Stadlerat City Hall.Photo: Vorlaufer Participation in the exhibition: art.net.europe 2019 in Ny\u00edregyh\u00e1za (Hungary), exhibition hall P\u00e1l Gyula to 18. 12. 2019 Participation in the 73rd annual exhibition of the [&hellip;]<\/p>\n","protected":false},"author":5,"featured_media":0,"comment_status":"open","ping_status":"open","sticky":false,"template":"","format":"standard","meta":{"footnotes":""},"categories":[1],"tags":[170,83,169,93,166,168,167,172],"class_list":["post-884","post","type-post","status-publish","format-standard","hentry","category-allgemein","tag-170","tag-ausstellungsteilnahme-en","tag-dezember","tag-exhibition","tag-kienzl","tag-november","tag-oktober","tag-participation"],"_links":{"self":[{"href":"https:\/\/www.kienzl.net\/blog\/wp-json\/wp\/v2\/posts\/884","targetHints":{"allow":["GET"]}}],"collection":[{"href":"https:\/\/www.kienzl.net\/blog\/wp-json\/wp\/v2\/posts"}],"about":[{"href":"https:\/\/www.kienzl.net\/blog\/wp-json\/wp\/v2\/types\/post"}],"author":[{"embeddable":true,"href":"https:\/\/www.kienzl.net\/blog\/wp-json\/wp\/v2\/users\/5"}],"replies":[{"embeddable":true,"href":"https:\/\/www.kienzl.net\/blog\/wp-json\/wp\/v2\/comments?post=884"}],"version-history":[{"count":0,"href":"https:\/\/www.kienzl.net\/blog\/wp-json\/wp\/v2\/posts\/884\/revisions"}],"wp:attachment":[{"href":"https:\/\/www.kienzl.net\/blog\/wp-json\/wp\/v2\/media?parent=884"}],"wp:term":[{"taxonomy":"category","embeddable":true,"href":"https:\/\/www.kienzl.net\/blog\/wp-json\/wp\/v2\/categories?post=884"},{"taxonomy":"post_tag","embeddable":true,"href":"https:\/\/www.kienzl.net\/blog\/wp-json\/wp\/v2\/tags?post=884"}],"curies":[{"name":"wp","href":"https:\/\/api.w.org\/{rel}","templated":true}]}}