{"id":875,"date":"2019-12-28T18:12:26","date_gmt":"2019-12-28T17:12:26","guid":{"rendered":"http:\/\/www.kienzl.net\/blog\/?p=875"},"modified":"2019-12-28T18:13:42","modified_gmt":"2019-12-28T17:13:42","slug":"oktober-bis-dezember-2019","status":"publish","type":"post","link":"https:\/\/www.kienzl.net\/blog\/2019\/12\/oktober-bis-dezember-2019\/","title":{"rendered":"Oktober bis Dezember 2019"},"content":{"rendered":"\n<div class=\"wp-block-group\"><div class=\"wp-block-group__inner-container is-layout-flow wp-block-group-is-layout-flow\">\n<div class=\"wp-block-media-text alignwide is-vertically-aligned-bottom\"><figure class=\"wp-block-media-text__media\"><img loading=\"lazy\" decoding=\"async\" width=\"800\" height=\"534\" src=\"http:\/\/www.kienzl.net\/blog\/wp-content\/uploads\/2019\/12\/Prandtauerpreis_Ernest_Kienzl-web-800.jpg\" alt=\"\" class=\"wp-image-881\" srcset=\"https:\/\/www.kienzl.net\/blog\/wp-content\/uploads\/2019\/12\/Prandtauerpreis_Ernest_Kienzl-web-800.jpg 800w, https:\/\/www.kienzl.net\/blog\/wp-content\/uploads\/2019\/12\/Prandtauerpreis_Ernest_Kienzl-web-800-300x200.jpg 300w, https:\/\/www.kienzl.net\/blog\/wp-content\/uploads\/2019\/12\/Prandtauerpreis_Ernest_Kienzl-web-800-768x513.jpg 768w, https:\/\/www.kienzl.net\/blog\/wp-content\/uploads\/2019\/12\/Prandtauerpreis_Ernest_Kienzl-web-800-624x417.jpg 624w\" sizes=\"auto, (max-width: 800px) 100vw, 800px\" \/><\/figure><div class=\"wp-block-media-text__content\">\n<p class=\"has-normal-font-size\">\u00dcberreichung des<br \/> <strong>Jakob Prandtauerpreises 2019<\/strong><br \/>der Landeshauptstadt St. P\u00f6lten<\/p>\n\n\n\n<p class=\"has-small-font-size\">Jakob-Prandtauer-Preistr\u00e4ger 2019 Mag.Mag. Ernest Kienzl<br \/>mit Gattin Renate Kienzl und B\u00fcrgermeister Mag. Matthias Stadler<br \/>im Rathaus.<\/p>\n\n\n\n<p class=\"has-small-font-size\">Foto: Vorlaufer<\/p>\n<\/div><\/div>\n\n\n\n<div class=\"wp-block-media-text alignwide is-vertically-aligned-bottom\"><figure class=\"wp-block-media-text__media\"><img loading=\"lazy\" decoding=\"async\" width=\"212\" height=\"300\" src=\"http:\/\/www.kienzl.net\/blog\/wp-content\/uploads\/2019\/12\/KUNST_NEIZ_niyreg_Einl-web-300.jpg\" alt=\"\" class=\"wp-image-877\"\/><\/figure><div class=\"wp-block-media-text__content\">\n<p class=\"has-normal-font-size\">Teilnahme an der Ausstellung:<br \/>kunst.netz.europa 2019<br \/>in Ny\u00edregyh\u00e1za (Ungarn), Ausstellungshalle P\u00e1l Gyula<br \/>20. 11. bis 18. 12. 2019<\/p>\n<\/div><\/div>\n<\/div><\/div>\n\n\n\n<div class=\"wp-block-group\"><div class=\"wp-block-group__inner-container is-layout-flow wp-block-group-is-layout-flow\">\n<div class=\"wp-block-media-text alignwide is-vertically-aligned-bottom\"><figure class=\"wp-block-media-text__media\"><img loading=\"lazy\" decoding=\"async\" width=\"300\" height=\"302\" src=\"http:\/\/www.kienzl.net\/blog\/wp-content\/uploads\/2019\/12\/73-jahresausstellung-Logo-1-web-300.jpg\" alt=\"\" class=\"wp-image-876\" srcset=\"https:\/\/www.kienzl.net\/blog\/wp-content\/uploads\/2019\/12\/73-jahresausstellung-Logo-1-web-300.jpg 300w, https:\/\/www.kienzl.net\/blog\/wp-content\/uploads\/2019\/12\/73-jahresausstellung-Logo-1-web-300-298x300.jpg 298w, https:\/\/www.kienzl.net\/blog\/wp-content\/uploads\/2019\/12\/73-jahresausstellung-Logo-1-web-300-150x150.jpg 150w\" sizes=\"auto, (max-width: 300px) 100vw, 300px\" \/><\/figure><div class=\"wp-block-media-text__content\">\n<p class=\"has-normal-font-size\">Teilnahme an der<br \/>73. Jahresausstellung des<br \/>St. P\u00f6ltner K\u00fcnstlerbundes im Stadtmuseum St. P\u00f6lten<br \/>18. 10. &#8211; 22. 11. 2019<\/p>\n<\/div><\/div>\n<\/div><\/div>\n","protected":false},"excerpt":{"rendered":"<p>\u00dcberreichung des Jakob Prandtauerpreises 2019der Landeshauptstadt St. P\u00f6lten Jakob-Prandtauer-Preistr\u00e4ger 2019 Mag.Mag. Ernest Kienzlmit Gattin Renate Kienzl und B\u00fcrgermeister Mag. Matthias Stadlerim Rathaus. Foto: Vorlaufer Teilnahme an der Ausstellung:kunst.netz.europa 2019in Ny\u00edregyh\u00e1za (Ungarn), Ausstellungshalle P\u00e1l Gyula20. 11. bis 18. 12. 2019 Teilnahme an der73. Jahresausstellung desSt. P\u00f6ltner K\u00fcnstlerbundes im Stadtmuseum St. P\u00f6lten18. 10. &#8211; 22. 11. 2019<\/p>\n","protected":false},"author":5,"featured_media":0,"comment_status":"open","ping_status":"open","sticky":false,"template":"","format":"standard","meta":{"footnotes":""},"categories":[1],"tags":[170,28,169,166,168,167],"class_list":["post-875","post","type-post","status-publish","format-standard","hentry","category-allgemein","tag-170","tag-ausstellungsteilnahme","tag-dezember","tag-kienzl","tag-november","tag-oktober"],"_links":{"self":[{"href":"https:\/\/www.kienzl.net\/blog\/wp-json\/wp\/v2\/posts\/875","targetHints":{"allow":["GET"]}}],"collection":[{"href":"https:\/\/www.kienzl.net\/blog\/wp-json\/wp\/v2\/posts"}],"about":[{"href":"https:\/\/www.kienzl.net\/blog\/wp-json\/wp\/v2\/types\/post"}],"author":[{"embeddable":true,"href":"https:\/\/www.kienzl.net\/blog\/wp-json\/wp\/v2\/users\/5"}],"replies":[{"embeddable":true,"href":"https:\/\/www.kienzl.net\/blog\/wp-json\/wp\/v2\/comments?post=875"}],"version-history":[{"count":1,"href":"https:\/\/www.kienzl.net\/blog\/wp-json\/wp\/v2\/posts\/875\/revisions"}],"predecessor-version":[{"id":931,"href":"https:\/\/www.kienzl.net\/blog\/wp-json\/wp\/v2\/posts\/875\/revisions\/931"}],"wp:attachment":[{"href":"https:\/\/www.kienzl.net\/blog\/wp-json\/wp\/v2\/media?parent=875"}],"wp:term":[{"taxonomy":"category","embeddable":true,"href":"https:\/\/www.kienzl.net\/blog\/wp-json\/wp\/v2\/categories?post=875"},{"taxonomy":"post_tag","embeddable":true,"href":"https:\/\/www.kienzl.net\/blog\/wp-json\/wp\/v2\/tags?post=875"}],"curies":[{"name":"wp","href":"https:\/\/api.w.org\/{rel}","templated":true}]}}