{"id":847,"date":"2019-09-12T10:33:08","date_gmt":"2019-09-12T08:33:08","guid":{"rendered":"http:\/\/www.kienzl.net\/blog\/?p=847"},"modified":"2019-09-12T10:49:28","modified_gmt":"2019-09-12T08:49:28","slug":"ausstellungsbeteiligungen-in-st-poelten-und-steyr","status":"publish","type":"post","link":"https:\/\/www.kienzl.net\/blog\/2019\/09\/ausstellungsbeteiligungen-in-st-poelten-und-steyr\/","title":{"rendered":"Ausstellungsbeteiligungen in St. P\u00f6lten und Steyr"},"content":{"rendered":"<p>A<span style=\"display: inline !important; float: none; background-color: #ffffff; color: #444444; cursor: text; font-family: 'Open Sans',Helvetica,Arial,sans-serif; font-size: 14px; font-style: normal; font-variant: normal; font-weight: 400; letter-spacing: normal; orphans: 2; text-align: left; text-decoration: none; text-indent: 0px; text-transform: none; -webkit-text-stroke-width: 0px; white-space: normal; word-spacing: 0px;\">ktuell nehme ich an z<\/span>wei Ausstellungen teil. Es sind dies:<\/p>\n<p><strong><em>SPUREN\u00a0<\/em> <\/strong>im KUNST:WERK St. P\u00f6lten und<br \/>\n<strong><em>NEIGHBOURHOOD REPORT<\/em><\/strong><em> &#8211; 12 Positionen aus Nieder\u00f6sterreich<\/em> in der Schlossgalerie Steyr.<\/p>\n<p>In der von mir auch kuratierten Ausstellung <strong><em>SPUREN\u00a0<\/em><\/strong>setzen sich die Ausstellenden (Iris Blauensteiner und Christine Moderbacher, Anton Ehrenberger, Hermann F. Fischl, Alois Junek, Elisabeth Kallinger, Hermine Karigl-Wagenhofer, Ernest A. Kienzl, Herbert Kraus, Evi Leuchtgelb, Hannelore Mann, Mark Rossell, Franz Rupp, Kurt Sch\u00f6nthaler, J. F. Sochurek, Peter Weber, Margareta Weichhart-Antony, Claudia Zawadil) mit verschiedenen Aspekten des Begriffs Spuren (Abdr\u00fccke, einer F\u00e4hrte folgen, Fu\u00dfspuren, Geleise, F\u00e4hrten, Furchen, Gehorchen \u2026) auseinander. Diese Ausstellung l\u00e4uft noch bis 6. Oktober 2019\u00a0<span style=\"display: inline !important; float: none; background-color: #ffffff; color: #444444; cursor: text; font-family: 'Open Sans',Helvetica,Arial,sans-serif; font-size: 14px; font-style: normal; font-variant: normal; font-weight: 400; letter-spacing: normal; orphans: 2; text-align: left; text-decoration: none; text-indent: 0px; text-transform: none; -webkit-text-stroke-width: 0px; white-space: normal; word-spacing: 0px;\">im KUNST:WERK St. P\u00f6lten<\/span> (Donnerstag, Freitag 16.00 bis 18.30 Uhr und Samstag, Sonntag 10.00-12.30 Uhr).<br \/>\n<a href=\"http:\/\/www.stpoeltnerkuenstlerbund.at\/kunstwerk\/2019\/Spuren\/einladung_spuren-web.pdf\"><span style=\"display: inline !important; float: none; background-color: #ffffff; color: #444444; cursor: text; font-family: 'Open Sans',Helvetica,Arial,sans-serif; font-size: 14px; font-style: normal; font-variant: normal; font-weight: 400; letter-spacing: normal; orphans: 2; text-align: left; text-decoration: none; text-indent: 0px; text-transform: none; -webkit-text-stroke-width: 0px; white-space: normal; word-spacing: 0px;\">Download der Einladung hier<\/span><\/a><\/p>\n<p>In der Ausstellung\u00a0<strong><em>NEIGHBOURHOOD REPORT<\/em><\/strong><em> &#8211; 12 Positionen aus Nieder\u00f6sterreich<\/em> &#8211; sie wurde bereits in <a href=\"http:\/\/www.kienzl.net\/blog\/de\/2018\/11\/ausstellungsteilnahme-in-iglau-tschechien\/\">Iglau (Tschechien)<\/a> gezeigt &#8211; pr\u00e4sentiere ich Arbeiten aus der Serie <em>Found Abstracts &#8211; cracks.<\/em><br \/>\nWeiters nehmen an dieser Ausstellung\u00a0<span style=\"display: inline !important; float: none; background-color: #ffffff; color: #444444; font-family: 'Open Sans',Helvetica,Arial,sans-serif; font-size: 100%; font-style: normal; font-variant: normal; font-weight: 400; letter-spacing: normal; line-height: 1.7142; orphans: 2; text-align: left; text-decoration: none; text-indent: 0px; text-transform: none; -webkit-text-stroke-width: 0px; white-space: normal; word-spacing: 0px;\">Richard Jurtitsch, Leopold Kogler, Alois Mosbacher, Florian N\u00e4hrer, Frenzi Rigling, Franz Schwarzinger, Gerlinde Thuma, Josef Trattner, Martin Veigl, Manfred Wakolbinger und Robert Zahornitzky<\/span> teil.<br \/>\nSie wird heute, 12. 9. 2019 um 19.00 Uhr in der Schlossgalerie Steyr er\u00f6ffnet und ist bis 3. November 2019 Dienstag bis Sonntag von 10.00-12.00 und 14.00-17.00 Uhr zu besichtigen.<br \/>\n<a href=\"http:\/\/www.kienzl.net\/blog\/wp-content\/uploads\/2019\/09\/einladung_neighbourhood_v1.pdf\">Download der Einladung hier<\/a><\/p>\n","protected":false},"excerpt":{"rendered":"<p>Aktuell nehme ich an zwei Ausstellungen teil. Es sind dies: SPUREN\u00a0 im KUNST:WERK St. P\u00f6lten und NEIGHBOURHOOD REPORT &#8211; 12 Positionen aus Nieder\u00f6sterreich in der Schlossgalerie Steyr. In der von mir auch kuratierten Ausstellung SPUREN\u00a0setzen sich die Ausstellenden (Iris Blauensteiner und Christine Moderbacher, Anton Ehrenberger, Hermann F. Fischl, Alois Junek, Elisabeth Kallinger, Hermine Karigl-Wagenhofer, Ernest [&hellip;]<\/p>\n","protected":false},"author":5,"featured_media":851,"comment_status":"open","ping_status":"open","sticky":false,"template":"","format":"standard","meta":{"footnotes":""},"categories":[1],"tags":[11,19,162,160,158],"class_list":["post-847","post","type-post","status-publish","format-standard","has-post-thumbnail","hentry","category-allgemein","tag-ausstellung","tag-kunstwerk","tag-neighbourhood-report","tag-spuren","tag-steyr"],"_links":{"self":[{"href":"https:\/\/www.kienzl.net\/blog\/wp-json\/wp\/v2\/posts\/847","targetHints":{"allow":["GET"]}}],"collection":[{"href":"https:\/\/www.kienzl.net\/blog\/wp-json\/wp\/v2\/posts"}],"about":[{"href":"https:\/\/www.kienzl.net\/blog\/wp-json\/wp\/v2\/types\/post"}],"author":[{"embeddable":true,"href":"https:\/\/www.kienzl.net\/blog\/wp-json\/wp\/v2\/users\/5"}],"replies":[{"embeddable":true,"href":"https:\/\/www.kienzl.net\/blog\/wp-json\/wp\/v2\/comments?post=847"}],"version-history":[{"count":0,"href":"https:\/\/www.kienzl.net\/blog\/wp-json\/wp\/v2\/posts\/847\/revisions"}],"wp:featuredmedia":[{"embeddable":true,"href":"https:\/\/www.kienzl.net\/blog\/wp-json\/wp\/v2\/media\/851"}],"wp:attachment":[{"href":"https:\/\/www.kienzl.net\/blog\/wp-json\/wp\/v2\/media?parent=847"}],"wp:term":[{"taxonomy":"category","embeddable":true,"href":"https:\/\/www.kienzl.net\/blog\/wp-json\/wp\/v2\/categories?post=847"},{"taxonomy":"post_tag","embeddable":true,"href":"https:\/\/www.kienzl.net\/blog\/wp-json\/wp\/v2\/tags?post=847"}],"curies":[{"name":"wp","href":"https:\/\/api.w.org\/{rel}","templated":true}]}}