{"id":796,"date":"2018-10-25T16:40:00","date_gmt":"2018-10-25T14:40:00","guid":{"rendered":"http:\/\/www.kienzl.net\/blog\/?p=796"},"modified":"2018-10-25T16:40:00","modified_gmt":"2018-10-25T14:40:00","slug":"72-jahresausstellung-des-st-poeltner-kuenstlerbundes-teilnahme-und-kuratierung","status":"publish","type":"post","link":"https:\/\/www.kienzl.net\/blog\/2018\/10\/72-jahresausstellung-des-st-poeltner-kuenstlerbundes-teilnahme-und-kuratierung\/","title":{"rendered":"72. Jahresausstellung des St. P\u00f6ltner K\u00fcnstlerbundes &#8211; Teilnahme und Kuratierung"},"content":{"rendered":"<p>Derzeit nehme ich an der 72. Jahresausstellung des St. P\u00f6ltner K\u00fcnstlerbundes im Stadtmuseum St. P\u00f6lten teil. Ich zeige dort meine neueste Serie der \u201eFound Abstracts\u201c<\/p>\n<figure id=\"attachment_798\" aria-describedby=\"caption-attachment-798\" style=\"width: 300px\" class=\"wp-caption alignnone\"><a href=\"http:\/\/www.kienzl.net\/blog\/de\/2018\/10\/72-jahresausstellung-des-st-poeltner-kuenstlerbundes-teilnahme-und-kuratierung\/20181017_165538\/\" rel=\"attachment wp-att-798\"><img loading=\"lazy\" decoding=\"async\" class=\"size-medium wp-image-798\" src=\"http:\/\/www.kienzl.net\/blog\/wp-content\/uploads\/2018\/10\/20181017_165538-300x146.jpg\" alt=\"Ernest A. Kienzl, \u201efound abstracts - tarred cracks\u201c\" width=\"300\" height=\"146\" srcset=\"https:\/\/www.kienzl.net\/blog\/wp-content\/uploads\/2018\/10\/20181017_165538-300x146.jpg 300w, https:\/\/www.kienzl.net\/blog\/wp-content\/uploads\/2018\/10\/20181017_165538-768x373.jpg 768w, https:\/\/www.kienzl.net\/blog\/wp-content\/uploads\/2018\/10\/20181017_165538-1024x498.jpg 1024w, https:\/\/www.kienzl.net\/blog\/wp-content\/uploads\/2018\/10\/20181017_165538-624x303.jpg 624w\" sizes=\"auto, (max-width: 300px) 100vw, 300px\" \/><\/a><figcaption id=\"caption-attachment-798\" class=\"wp-caption-text\">Ernest A. Kienzl, \u201efound abstracts &#8211; tarred cracks\u201c<\/figcaption><\/figure>\n<p>Diese Ausstellung ist vom 19. 10. bis 16. 11. 2018 Mi &#8211; So von 10.00 bis 17.00 Uhr ge\u00f6ffnet.<\/p>\n<p><a href=\"http:\/\/www.stpoeltnerkuenstlerbund.at\/aktiv\/kb-aktiv.htm\">Hier der Link zu den Aktivit\u00e4ten des St. P\u00f6ltner K\u00fcnstlerbundes<\/a><\/p>\n","protected":false},"excerpt":{"rendered":"<p>Derzeit nehme ich an der 72. Jahresausstellung des St. P\u00f6ltner K\u00fcnstlerbundes im Stadtmuseum St. P\u00f6lten teil. Ich zeige dort meine neueste Serie der \u201eFound Abstracts\u201c Diese Ausstellung ist vom 19. 10. bis 16. 11. 2018 Mi &#8211; So von 10.00 bis 17.00 Uhr ge\u00f6ffnet. Hier der Link zu den Aktivit\u00e4ten des St. P\u00f6ltner K\u00fcnstlerbundes<\/p>\n","protected":false},"author":5,"featured_media":799,"comment_status":"open","ping_status":"open","sticky":false,"template":"","format":"standard","meta":{"footnotes":""},"categories":[1],"tags":[10,15],"class_list":["post-796","post","type-post","status-publish","format-standard","has-post-thumbnail","hentry","category-allgemein","tag-st-poltner-kunstlerbund","tag-stadtmuseum-st-polten"],"_links":{"self":[{"href":"https:\/\/www.kienzl.net\/blog\/wp-json\/wp\/v2\/posts\/796","targetHints":{"allow":["GET"]}}],"collection":[{"href":"https:\/\/www.kienzl.net\/blog\/wp-json\/wp\/v2\/posts"}],"about":[{"href":"https:\/\/www.kienzl.net\/blog\/wp-json\/wp\/v2\/types\/post"}],"author":[{"embeddable":true,"href":"https:\/\/www.kienzl.net\/blog\/wp-json\/wp\/v2\/users\/5"}],"replies":[{"embeddable":true,"href":"https:\/\/www.kienzl.net\/blog\/wp-json\/wp\/v2\/comments?post=796"}],"version-history":[{"count":0,"href":"https:\/\/www.kienzl.net\/blog\/wp-json\/wp\/v2\/posts\/796\/revisions"}],"wp:featuredmedia":[{"embeddable":true,"href":"https:\/\/www.kienzl.net\/blog\/wp-json\/wp\/v2\/media\/799"}],"wp:attachment":[{"href":"https:\/\/www.kienzl.net\/blog\/wp-json\/wp\/v2\/media?parent=796"}],"wp:term":[{"taxonomy":"category","embeddable":true,"href":"https:\/\/www.kienzl.net\/blog\/wp-json\/wp\/v2\/categories?post=796"},{"taxonomy":"post_tag","embeddable":true,"href":"https:\/\/www.kienzl.net\/blog\/wp-json\/wp\/v2\/tags?post=796"}],"curies":[{"name":"wp","href":"https:\/\/api.w.org\/{rel}","templated":true}]}}