{"id":793,"date":"2018-04-17T13:54:37","date_gmt":"2018-04-17T11:54:37","guid":{"rendered":"http:\/\/www.kienzl.net\/blog\/?p=793"},"modified":"2018-04-17T14:11:21","modified_gmt":"2018-04-17T12:11:21","slug":"october-2017-to-april-2018","status":"publish","type":"post","link":"https:\/\/www.kienzl.net\/blog\/2018\/04\/october-2017-to-april-2018\/","title":{"rendered":"october 2017 to April 2018"},"content":{"rendered":"<p>In October 2017 I curated in the Stadtmuseum St. P\u00f6lten the<br \/>\n71st annual exhibition of the St. P\u00f6ltner K\u00fcnstlerbund\u00a0<a href=\"http:\/\/www.kienzl.net\/blog\/de\/2018\/04\/oktober-2017-bis-april-2018\/71-jahresausstellung-logo-1\/\" rel=\"attachment wp-att-775\"><img loading=\"lazy\" decoding=\"async\" class=\"alignnone  wp-image-775\" src=\"http:\/\/www.kienzl.net\/blog\/wp-content\/uploads\/2018\/04\/71-jahresausstellung-Logo-1.png\" alt=\"Logo 71. Jahresaustellung des St. P\u00f6ltner K\u00fcnstlerbundes\" width=\"151\" height=\"152\" srcset=\"https:\/\/www.kienzl.net\/blog\/wp-content\/uploads\/2018\/04\/71-jahresausstellung-Logo-1.png 241w, https:\/\/www.kienzl.net\/blog\/wp-content\/uploads\/2018\/04\/71-jahresausstellung-Logo-1-150x150.png 150w\" sizes=\"auto, (max-width: 151px) 100vw, 151px\" \/><\/a> followed by the surprise Exhibition\u00a0<a href=\"http:\/\/www.kienzl.net\/blog\/de\/2018\/04\/oktober-2017-bis-april-2018\/logo-surprise-1\/\" rel=\"attachment wp-att-777\"><img loading=\"lazy\" decoding=\"async\" class=\"alignnone size-full wp-image-777\" src=\"http:\/\/www.kienzl.net\/blog\/wp-content\/uploads\/2018\/04\/logo-surprise-1.png\" alt=\"Logo surprise\" width=\"231\" height=\"92\" \/><\/a> in KUNST:WERK, which was also shown in January 2018.<br \/>\nIn February followed the exhibition Schatten\u00a0<a href=\"http:\/\/www.kienzl.net\/blog\/de\/2018\/04\/oktober-2017-bis-april-2018\/logo-schatten-2\/\" rel=\"attachment wp-att-778\"><img loading=\"lazy\" decoding=\"async\" class=\"alignnone size-full wp-image-778\" src=\"http:\/\/www.kienzl.net\/blog\/wp-content\/uploads\/2018\/04\/logo-schatten-2.png\" alt=\"Logo Ausstellung Schatten\" width=\"237\" height=\"92\" \/><\/a><br \/>\nand at the beginning of April the exhibition Quadrat,\u00a0<a href=\"http:\/\/www.kienzl.net\/blog\/de\/2018\/04\/oktober-2017-bis-april-2018\/logo-quadrat-32x\/\" rel=\"attachment wp-att-780\"><img loading=\"lazy\" decoding=\"async\" class=\"alignnone size-medium wp-image-780\" src=\"http:\/\/www.kienzl.net\/blog\/wp-content\/uploads\/2018\/04\/logo-quadrat-3@2x-300x116.png\" alt=\"Logo Ausstellung Quadrat\" width=\"300\" height=\"116\" srcset=\"https:\/\/www.kienzl.net\/blog\/wp-content\/uploads\/2018\/04\/logo-quadrat-3@2x-300x116.png 300w, https:\/\/www.kienzl.net\/blog\/wp-content\/uploads\/2018\/04\/logo-quadrat-3@2x.png 473w\" sizes=\"auto, (max-width: 300px) 100vw, 300px\" \/><\/a>\u00a0 to which I invited 80 artists from many Austrian art associations to show square works in so-called Petersburger H\u00e4ngung.<br \/>\nI took part in all exhibitions myself.<\/p>\n<p>&nbsp;<\/p>\n","protected":false},"excerpt":{"rendered":"<p>In October 2017 I curated in the Stadtmuseum St. P\u00f6lten the 71st annual exhibition of the St. P\u00f6ltner K\u00fcnstlerbund\u00a0 followed by the surprise Exhibition\u00a0 in KUNST:WERK, which was also shown in January 2018. In February followed the exhibition Schatten\u00a0 and at the beginning of April the exhibition Quadrat,\u00a0\u00a0 to which I invited 80 artists from [&hellip;]<\/p>\n","protected":false},"author":5,"featured_media":0,"comment_status":"open","ping_status":"open","sticky":false,"template":"","format":"standard","meta":{"footnotes":""},"categories":[1],"tags":[],"class_list":["post-793","post","type-post","status-publish","format-standard","hentry","category-allgemein"],"_links":{"self":[{"href":"https:\/\/www.kienzl.net\/blog\/wp-json\/wp\/v2\/posts\/793","targetHints":{"allow":["GET"]}}],"collection":[{"href":"https:\/\/www.kienzl.net\/blog\/wp-json\/wp\/v2\/posts"}],"about":[{"href":"https:\/\/www.kienzl.net\/blog\/wp-json\/wp\/v2\/types\/post"}],"author":[{"embeddable":true,"href":"https:\/\/www.kienzl.net\/blog\/wp-json\/wp\/v2\/users\/5"}],"replies":[{"embeddable":true,"href":"https:\/\/www.kienzl.net\/blog\/wp-json\/wp\/v2\/comments?post=793"}],"version-history":[{"count":0,"href":"https:\/\/www.kienzl.net\/blog\/wp-json\/wp\/v2\/posts\/793\/revisions"}],"wp:attachment":[{"href":"https:\/\/www.kienzl.net\/blog\/wp-json\/wp\/v2\/media?parent=793"}],"wp:term":[{"taxonomy":"category","embeddable":true,"href":"https:\/\/www.kienzl.net\/blog\/wp-json\/wp\/v2\/categories?post=793"},{"taxonomy":"post_tag","embeddable":true,"href":"https:\/\/www.kienzl.net\/blog\/wp-json\/wp\/v2\/tags?post=793"}],"curies":[{"name":"wp","href":"https:\/\/api.w.org\/{rel}","templated":true}]}}