{"id":784,"date":"2018-04-17T14:03:42","date_gmt":"2018-04-17T12:03:42","guid":{"rendered":"http:\/\/www.kienzl.net\/blog\/?p=784"},"modified":"2018-04-17T14:04:10","modified_gmt":"2018-04-17T12:04:10","slug":"ausstellung-einblicke-im-stadtmuseum-st-poelten","status":"publish","type":"post","link":"https:\/\/www.kienzl.net\/blog\/2018\/04\/ausstellung-einblicke-im-stadtmuseum-st-poelten\/","title":{"rendered":"Ausstellung \u201eEinblicke\u201c im Stadtmuseum St. P\u00f6lten"},"content":{"rendered":"<p>Ich freue mich an der Ausstellung\u00a0<a href=\"http:\/\/www.kienzl.net\/blog\/de\/2018\/04\/ausstellung-einblicke-im-stadtmuseum-st-poelten\/logo-einblicke-web-300\/\" rel=\"attachment wp-att-786\"><img loading=\"lazy\" decoding=\"async\" class=\"alignnone size-medium wp-image-786\" src=\"http:\/\/www.kienzl.net\/blog\/wp-content\/uploads\/2018\/04\/logo-einblicke-web-300-300x146.jpg\" alt=\"Logo Ausstellung Einlicke\" width=\"300\" height=\"146\" \/><\/a>\u00a0 <em><strong>Einblicke<\/strong> <\/em>im Stadtmuseum St. P\u00f6lten teil zu nehmen. Sie findet vom 27. April bis 27. Mai 2018 statt und pr\u00e4sentiert neun K\u00fcnstlerinnen und K\u00fcnstler verschiedener Generationen aus der Landeshauptstadt. Sie gew\u00e4hren einen Einblick in ihr bisheriges Werk.<\/p>\n<p>Er\u00f6ffnung ist am 27. April 2018 um 17.00 Uhr<\/p>\n","protected":false},"excerpt":{"rendered":"<p>Ich freue mich an der Ausstellung\u00a0\u00a0 Einblicke im Stadtmuseum St. P\u00f6lten teil zu nehmen. Sie findet vom 27. April bis 27. Mai 2018 statt und pr\u00e4sentiert neun K\u00fcnstlerinnen und K\u00fcnstler verschiedener Generationen aus der Landeshauptstadt. Sie gew\u00e4hren einen Einblick in ihr bisheriges Werk. Er\u00f6ffnung ist am 27. April 2018 um 17.00 Uhr<\/p>\n","protected":false},"author":5,"featured_media":785,"comment_status":"open","ping_status":"open","sticky":false,"template":"","format":"standard","meta":{"footnotes":""},"categories":[1],"tags":[15,11,123,22],"class_list":["post-784","post","type-post","status-publish","format-standard","has-post-thumbnail","hentry","category-allgemein","tag-stadtmuseum-st-polten","tag-ausstellung","tag-einblicke","tag-vernissage"],"_links":{"self":[{"href":"https:\/\/www.kienzl.net\/blog\/wp-json\/wp\/v2\/posts\/784","targetHints":{"allow":["GET"]}}],"collection":[{"href":"https:\/\/www.kienzl.net\/blog\/wp-json\/wp\/v2\/posts"}],"about":[{"href":"https:\/\/www.kienzl.net\/blog\/wp-json\/wp\/v2\/types\/post"}],"author":[{"embeddable":true,"href":"https:\/\/www.kienzl.net\/blog\/wp-json\/wp\/v2\/users\/5"}],"replies":[{"embeddable":true,"href":"https:\/\/www.kienzl.net\/blog\/wp-json\/wp\/v2\/comments?post=784"}],"version-history":[{"count":0,"href":"https:\/\/www.kienzl.net\/blog\/wp-json\/wp\/v2\/posts\/784\/revisions"}],"wp:featuredmedia":[{"embeddable":true,"href":"https:\/\/www.kienzl.net\/blog\/wp-json\/wp\/v2\/media\/785"}],"wp:attachment":[{"href":"https:\/\/www.kienzl.net\/blog\/wp-json\/wp\/v2\/media?parent=784"}],"wp:term":[{"taxonomy":"category","embeddable":true,"href":"https:\/\/www.kienzl.net\/blog\/wp-json\/wp\/v2\/categories?post=784"},{"taxonomy":"post_tag","embeddable":true,"href":"https:\/\/www.kienzl.net\/blog\/wp-json\/wp\/v2\/tags?post=784"}],"curies":[{"name":"wp","href":"https:\/\/api.w.org\/{rel}","templated":true}]}}