{"id":774,"date":"2018-04-17T13:54:37","date_gmt":"2018-04-17T11:54:37","guid":{"rendered":"http:\/\/www.kienzl.net\/blog\/?p=774"},"modified":"2018-04-17T13:54:46","modified_gmt":"2018-04-17T11:54:46","slug":"oktober-2017-bis-april-2018","status":"publish","type":"post","link":"https:\/\/www.kienzl.net\/blog\/2018\/04\/oktober-2017-bis-april-2018\/","title":{"rendered":"Oktober 2017 bis April 2018"},"content":{"rendered":"<p><span style=\"display: inline !important; float: none; background-color: transparent; color: #444444; font-family: 'Open Sans',Helvetica,Arial,sans-serif; font-size: 14px; font-style: normal; font-variant: normal; font-weight: 400; letter-spacing: normal; line-height: 23.99px; orphans: 2; text-align: left; text-decoration: none; text-indent: 0px; text-transform: none; -webkit-text-stroke-width: 0px; white-space: normal; word-spacing: 0px;\">Im Oktober 2017 kuratierte ich im Stadtmuseum St. P\u00f6lten die\u00a0<\/span><\/p>\n<p><span style=\"display: inline !important; float: none; background-color: transparent; color: #444444; font-family: 'Open Sans',Helvetica,Arial,sans-serif; font-size: 14px; font-style: normal; font-variant: normal; font-weight: 400; letter-spacing: normal; line-height: 23.99px; orphans: 2; text-align: left; text-decoration: none; text-indent: 0px; text-transform: none; -webkit-text-stroke-width: 0px; white-space: normal; word-spacing: 0px;\"><a href=\"http:\/\/www.kienzl.net\/blog\/de\/2018\/04\/oktober-2017-bis-april-2018\/71-jahresausstellung-logo-1\/\" rel=\"attachment wp-att-775\"><img loading=\"lazy\" decoding=\"async\" class=\"alignnone  wp-image-775\" src=\"http:\/\/www.kienzl.net\/blog\/wp-content\/uploads\/2018\/04\/71-jahresausstellung-Logo-1.png\" alt=\"Logo 71. Jahresaustellung des St. P\u00f6ltner K\u00fcnstlerbundes\" width=\"181\" height=\"203\" \/><\/a> <em><strong>71. Jahresausstellung des St. P\u00f6ltner K\u00fcnstlerbundes<\/strong> <\/em>anschlie\u00dfend im KUNST:WERK die Ausstellung\u00a0 <a href=\"http:\/\/www.kienzl.net\/blog\/de\/2018\/04\/oktober-2017-bis-april-2018\/logo-surprise-1\/\" rel=\"attachment wp-att-777\"><img loading=\"lazy\" decoding=\"async\" class=\"alignnone size-full wp-image-777\" src=\"http:\/\/www.kienzl.net\/blog\/wp-content\/uploads\/2018\/04\/logo-surprise-1.png\" alt=\"Logo surprise\" width=\"231\" height=\"92\" \/><\/a> <em><strong>surprise,<\/strong> <\/em>die auch noch im J\u00e4nner 2018 gezeigt wurde.<\/span><\/p>\n<p>Im Februar folgte die Ausstellung\u00a0 <a href=\"http:\/\/www.kienzl.net\/blog\/de\/2018\/04\/oktober-2017-bis-april-2018\/logo-schatten-2\/\" rel=\"attachment wp-att-778\"><img loading=\"lazy\" decoding=\"async\" class=\"alignnone size-full wp-image-778\" src=\"http:\/\/www.kienzl.net\/blog\/wp-content\/uploads\/2018\/04\/logo-schatten-2.png\" alt=\"Logo Ausstellung Schatten\" width=\"237\" height=\"92\" \/>\u00a0<\/a><span style=\"display: inline !important; float: none; background-color: transparent; color: #444444; font-family: 'Open Sans',Helvetica,Arial,sans-serif; font-size: 14px; font-style: normal; font-variant: normal; font-weight: 400; letter-spacing: normal; line-height: 23.99px; orphans: 2; text-align: left; text-decoration: none; text-indent: 0px; text-transform: none; -webkit-text-stroke-width: 0px; white-space: normal; word-spacing: 0px;\"><em><strong> Schatten<br \/>\n<\/strong><\/em>sowie Anfang April die Ausstellung\u00a0<a href=\"http:\/\/www.kienzl.net\/blog\/de\/2018\/04\/oktober-2017-bis-april-2018\/logo-quadrat-32x\/\" rel=\"attachment wp-att-780\"><img loading=\"lazy\" decoding=\"async\" class=\"alignnone wp-image-780\" src=\"http:\/\/www.kienzl.net\/blog\/wp-content\/uploads\/2018\/04\/logo-quadrat-3@2x-300x116.png\" alt=\"Logo Ausstellung Quadrat\" width=\"224\" height=\"79\" \/><\/a> <em><strong>Quadrat, <\/strong><\/em>zu der ich 80 K\u00fcnstlerinnen und K\u00fcnstler aus vielen \u00f6sterreichischen Kunstvereinen einlud quadratische Werke in sogenannter Petersburger H\u00e4ngung zu zeigen.<em><strong><br \/>\n<\/strong><\/em><\/span><\/p>\n<p><span style=\"display: inline !important; float: none; background-color: transparent; color: #444444; font-family: 'Open Sans',Helvetica,Arial,sans-serif; font-size: 14px; font-style: normal; font-variant: normal; font-weight: 400; letter-spacing: normal; line-height: 23.99px; orphans: 2; text-align: left; text-decoration: none; text-indent: 0px; text-transform: none; -webkit-text-stroke-width: 0px; white-space: normal; word-spacing: 0px;\">An allen Ausstellungen nahm ich auch selbst teil.<\/span><\/p>\n","protected":false},"excerpt":{"rendered":"<p>Im Oktober 2017 kuratierte ich im Stadtmuseum St. P\u00f6lten die\u00a0 71. Jahresausstellung des St. P\u00f6ltner K\u00fcnstlerbundes anschlie\u00dfend im KUNST:WERK die Ausstellung\u00a0 surprise, die auch noch im J\u00e4nner 2018 gezeigt wurde. Im Februar folgte die Ausstellung\u00a0 \u00a0 Schatten sowie Anfang April die Ausstellung\u00a0 Quadrat, zu der ich 80 K\u00fcnstlerinnen und K\u00fcnstler aus vielen \u00f6sterreichischen Kunstvereinen einlud [&hellip;]<\/p>\n","protected":false},"author":5,"featured_media":0,"comment_status":"open","ping_status":"open","sticky":false,"template":"","format":"standard","meta":{"footnotes":""},"categories":[1],"tags":[],"class_list":["post-774","post","type-post","status-publish","format-standard","hentry","category-allgemein"],"_links":{"self":[{"href":"https:\/\/www.kienzl.net\/blog\/wp-json\/wp\/v2\/posts\/774","targetHints":{"allow":["GET"]}}],"collection":[{"href":"https:\/\/www.kienzl.net\/blog\/wp-json\/wp\/v2\/posts"}],"about":[{"href":"https:\/\/www.kienzl.net\/blog\/wp-json\/wp\/v2\/types\/post"}],"author":[{"embeddable":true,"href":"https:\/\/www.kienzl.net\/blog\/wp-json\/wp\/v2\/users\/5"}],"replies":[{"embeddable":true,"href":"https:\/\/www.kienzl.net\/blog\/wp-json\/wp\/v2\/comments?post=774"}],"version-history":[{"count":0,"href":"https:\/\/www.kienzl.net\/blog\/wp-json\/wp\/v2\/posts\/774\/revisions"}],"wp:attachment":[{"href":"https:\/\/www.kienzl.net\/blog\/wp-json\/wp\/v2\/media?parent=774"}],"wp:term":[{"taxonomy":"category","embeddable":true,"href":"https:\/\/www.kienzl.net\/blog\/wp-json\/wp\/v2\/categories?post=774"},{"taxonomy":"post_tag","embeddable":true,"href":"https:\/\/www.kienzl.net\/blog\/wp-json\/wp\/v2\/tags?post=774"}],"curies":[{"name":"wp","href":"https:\/\/api.w.org\/{rel}","templated":true}]}}