{"id":735,"date":"2017-09-04T11:07:20","date_gmt":"2017-09-04T09:07:20","guid":{"rendered":"http:\/\/www.kienzl.net\/blog\/?p=735"},"modified":"2019-12-28T18:21:07","modified_gmt":"2019-12-28T17:21:07","slug":"ausstellung-gegenwaertig-im-kunstwerk-st-poelten","status":"publish","type":"post","link":"https:\/\/www.kienzl.net\/blog\/2017\/09\/ausstellung-gegenwaertig-im-kunstwerk-st-poelten\/","title":{"rendered":"Ausstellung \u00bbgegenw\u00e4rtig\u00ab im KUNST:WERK St. P\u00f6lten"},"content":{"rendered":"<p><a href=\"http:\/\/www.kienzl.net\/blog\/wp-content\/uploads\/2017\/09\/logo-gegenwaertig-1-quadrat.jpg\" rel=\"attachment wp-att-737\"><img loading=\"lazy\" decoding=\"async\" class=\"alignleft wp-image-737 size-full\" src=\"http:\/\/www.kienzl.net\/blog\/wp-content\/uploads\/2017\/09\/logo-gegenwaertig-1-quadrat.jpg\" alt=\"gegenw\u00e4rtig\" width=\"232\" height=\"231\" srcset=\"https:\/\/www.kienzl.net\/blog\/wp-content\/uploads\/2017\/09\/logo-gegenwaertig-1-quadrat.jpg 232w, https:\/\/www.kienzl.net\/blog\/wp-content\/uploads\/2017\/09\/logo-gegenwaertig-1-quadrat-150x150.jpg 150w\" sizes=\"auto, (max-width: 232px) 100vw, 232px\" \/><\/a><br \/>\n<!-- cleanup 12\/2017 --><br \/>\nIch freue mich, die Ausstellung <em><strong>gegenw\u00e4rtig<\/strong> <\/em>kuratiert zu haben<br \/>\nund auch an ihr teilzunehmen und lade herzlich dazu ein:<\/p>\n<p><strong>Er\u00f6ffnung am Donnerstag, 7. September 2017<br \/>\num 18.30 Uhr<br \/>\nim KUNST:WERK <\/strong>3100 St. P\u00f6lten, Linzerstra\u00dfe 16 (L\u00f6wenhof).<\/p>\n<p>In der Herbstausstellung der KUNST:WERK\u00a0<strong><em>gegenw\u00e4rtig<\/em><\/strong> steht die Auseinandersetzung der K\u00fcnstlerinnen und K\u00fcnstler mit aktuell Wichtigem f\u00fcr sich und\/oder die Gesellschaft im Mittelpunkt der gezeigten Arbeiten Ein weiterer Aspekt ist die Thematisierung des Begriffs <em>Gegenwart<\/em> als Ausgangspunkt f\u00fcr R\u00fcck- und Ausblicke.<\/p>\n<p>&nbsp;<\/p>\n<p><strong>An der Ausstellung nehmen teil:<\/strong><\/p>\n<p>Anton Ehrenberger, Hermann F. Fischl, Edith Haiderer (Gast), Elisabeth Kallinger, Hermine Karigl-Wagenhofer, Ernest A. Kienzl, Herbert Kraus, Evi Leuchtgelb, Hannelore Mann, Christine Moderbacher (Gast), Linda Partaj (Gast), Brigitte Saugstad, J. F. Sochurek, Margareta Weichhart-Antony, Claudia Zawadil (Gast)<\/p>\n<p>Die <strong>Ausstellung<\/strong> ist vom <strong>7. September bis 8. Oktober 2017<\/strong><br \/>\njeweils Donnerstag und Freitag von 16.00 bis 18.30 Uhr,<br \/>\nsowie Samstag und Sonntag von 10.00 bis 12.30 Uhr bei freiem Eintritt <strong>ge\u00f6ffnet<\/strong>.<\/p>\n<p>Zu den \u00d6ffnungszeiten ist jeweils eine Ausstellungs-Teilnehmerin oder ein Ausstellungs-Teilnehmer anwesend und gerne zu Gespr\u00e4chen bereit.<\/p>\n<p>\u00a0 \u00a0 Download Einladungskarte <\/p>\n","protected":false},"excerpt":{"rendered":"<p>Ich freue mich, die Ausstellung gegenw\u00e4rtig kuratiert zu haben und auch an ihr teilzunehmen und lade herzlich dazu ein: Er\u00f6ffnung am Donnerstag, 7. September 2017 um 18.30 Uhr im KUNST:WERK 3100 St. P\u00f6lten, Linzerstra\u00dfe 16 (L\u00f6wenhof). In der Herbstausstellung der KUNST:WERK\u00a0gegenw\u00e4rtig steht die Auseinandersetzung der K\u00fcnstlerinnen und K\u00fcnstler mit aktuell Wichtigem f\u00fcr sich und\/oder die [&hellip;]<\/p>\n","protected":false},"author":5,"featured_media":0,"comment_status":"closed","ping_status":"closed","sticky":false,"template":"","format":"standard","meta":{"footnotes":""},"categories":[1],"tags":[],"class_list":["post-735","post","type-post","status-publish","format-standard","hentry","category-allgemein"],"_links":{"self":[{"href":"https:\/\/www.kienzl.net\/blog\/wp-json\/wp\/v2\/posts\/735","targetHints":{"allow":["GET"]}}],"collection":[{"href":"https:\/\/www.kienzl.net\/blog\/wp-json\/wp\/v2\/posts"}],"about":[{"href":"https:\/\/www.kienzl.net\/blog\/wp-json\/wp\/v2\/types\/post"}],"author":[{"embeddable":true,"href":"https:\/\/www.kienzl.net\/blog\/wp-json\/wp\/v2\/users\/5"}],"replies":[{"embeddable":true,"href":"https:\/\/www.kienzl.net\/blog\/wp-json\/wp\/v2\/comments?post=735"}],"version-history":[{"count":0,"href":"https:\/\/www.kienzl.net\/blog\/wp-json\/wp\/v2\/posts\/735\/revisions"}],"wp:attachment":[{"href":"https:\/\/www.kienzl.net\/blog\/wp-json\/wp\/v2\/media?parent=735"}],"wp:term":[{"taxonomy":"category","embeddable":true,"href":"https:\/\/www.kienzl.net\/blog\/wp-json\/wp\/v2\/categories?post=735"},{"taxonomy":"post_tag","embeddable":true,"href":"https:\/\/www.kienzl.net\/blog\/wp-json\/wp\/v2\/tags?post=735"}],"curies":[{"name":"wp","href":"https:\/\/api.w.org\/{rel}","templated":true}]}}