{"id":683,"date":"2017-02-11T18:20:14","date_gmt":"2017-02-11T17:20:14","guid":{"rendered":"http:\/\/www.kienzl.net\/blog\/?p=683"},"modified":"2017-12-16T15:03:04","modified_gmt":"2017-12-16T14:03:04","slug":"september-bis-dezember-2016","status":"publish","type":"post","link":"https:\/\/www.kienzl.net\/blog\/2017\/02\/september-bis-dezember-2016\/","title":{"rendered":"September bis Dezember 2016"},"content":{"rendered":"<p>Es ist schon eine Weile her seit meinem letzten Blogeintrag. Daher ein Update:<br \/>\n<!-- cleanup 12\/2017 --><br \/>\nNach meiner Teilnahme an der Ausstellung <em><strong>\u00bbEnde der Malerei\u00ab<\/strong><\/em> in Eichgraben folgte die Kuratierung und Teilnahme an der Ausstellung<em><strong> \u00bbnot for sale\u00ab<\/strong><\/em> im KUNST:WERK<\/p>\n<p>Auf Einladung des japanischen Kurators Yokozawa Yoshitaka konnte ich im September an der Ausstellung <em><strong>\u00bbExchange of Japanese calligraphy organizations and Italian Arts\u00ab<\/strong><\/em> im Tokyo Metropolitan Theater (Atelier East), Tokyo teilnehmen.<\/p>\n<p><a href=\"http:\/\/www.kienzl.net\/blog\/wp-content\/uploads\/2017\/02\/Presse_4-web-800.jpg\"><img loading=\"lazy\" decoding=\"async\" class=\"alignnone wp-image-686 size-medium\" src=\"http:\/\/www.kienzl.net\/blog\/wp-content\/uploads\/2017\/02\/Presse_4-web-800-300x202.jpg\" alt=\"Ernest A. Kienzl erh\u00e4lt den Adolf Peschek-Preis der Jury\" width=\"300\" height=\"202\" srcset=\"https:\/\/www.kienzl.net\/blog\/wp-content\/uploads\/2017\/02\/Presse_4-web-800-300x202.jpg 300w, https:\/\/www.kienzl.net\/blog\/wp-content\/uploads\/2017\/02\/Presse_4-web-800-768x517.jpg 768w, https:\/\/www.kienzl.net\/blog\/wp-content\/uploads\/2017\/02\/Presse_4-web-800-624x420.jpg 624w, https:\/\/www.kienzl.net\/blog\/wp-content\/uploads\/2017\/02\/Presse_4-web-800.jpg 800w\" sizes=\"auto, (max-width: 300px) 100vw, 300px\" \/><\/a>\u00a0Im Oktober und November folgte schlie\u00dflich die von mir kuratierte <em><strong>70. Jahresausstellung des St. P\u00f6ltner K\u00fcnstlerbundes<\/strong><\/em> im Stadtmuseum St. P\u00f6lten, bei der ich den Adolf Peschek-Preis der Jury erhielt.<\/p>\n<p>Die Ausstellung<em><strong> \u00bbHorizonte\u00ab<\/strong><\/em> &#8211; wieder im KUNST:WERK St. P\u00f6lten &#8211; schloss den Ausstellungsreigen des Jahres 2016<\/p>\n","protected":false},"excerpt":{"rendered":"<p>Es ist schon eine Weile her seit meinem letzten Blogeintrag. Daher ein Update: Nach meiner Teilnahme an der Ausstellung \u00bbEnde der Malerei\u00ab in Eichgraben folgte die Kuratierung und Teilnahme an der Ausstellung \u00bbnot for sale\u00ab im KUNST:WERK Auf Einladung des japanischen Kurators Yokozawa Yoshitaka konnte ich im September an der Ausstellung \u00bbExchange of Japanese calligraphy [&hellip;]<\/p>\n","protected":false},"author":5,"featured_media":0,"comment_status":"closed","ping_status":"closed","sticky":false,"template":"","format":"standard","meta":{"footnotes":""},"categories":[1],"tags":[],"class_list":["post-683","post","type-post","status-publish","format-standard","hentry","category-allgemein"],"_links":{"self":[{"href":"https:\/\/www.kienzl.net\/blog\/wp-json\/wp\/v2\/posts\/683","targetHints":{"allow":["GET"]}}],"collection":[{"href":"https:\/\/www.kienzl.net\/blog\/wp-json\/wp\/v2\/posts"}],"about":[{"href":"https:\/\/www.kienzl.net\/blog\/wp-json\/wp\/v2\/types\/post"}],"author":[{"embeddable":true,"href":"https:\/\/www.kienzl.net\/blog\/wp-json\/wp\/v2\/users\/5"}],"replies":[{"embeddable":true,"href":"https:\/\/www.kienzl.net\/blog\/wp-json\/wp\/v2\/comments?post=683"}],"version-history":[{"count":0,"href":"https:\/\/www.kienzl.net\/blog\/wp-json\/wp\/v2\/posts\/683\/revisions"}],"wp:attachment":[{"href":"https:\/\/www.kienzl.net\/blog\/wp-json\/wp\/v2\/media?parent=683"}],"wp:term":[{"taxonomy":"category","embeddable":true,"href":"https:\/\/www.kienzl.net\/blog\/wp-json\/wp\/v2\/categories?post=683"},{"taxonomy":"post_tag","embeddable":true,"href":"https:\/\/www.kienzl.net\/blog\/wp-json\/wp\/v2\/tags?post=683"}],"curies":[{"name":"wp","href":"https:\/\/api.w.org\/{rel}","templated":true}]}}