{"id":630,"date":"2016-03-04T09:25:53","date_gmt":"2016-03-04T08:25:53","guid":{"rendered":"http:\/\/www.kienzl.net\/blog\/?p=630"},"modified":"2019-12-28T18:18:52","modified_gmt":"2019-12-28T17:18:52","slug":"teilnahme-an-der-ausstellung-ok-der-kuenstlercooperative-contrapunktum","status":"publish","type":"post","link":"https:\/\/www.kienzl.net\/blog\/2016\/03\/teilnahme-an-der-ausstellung-ok-der-kuenstlercooperative-contrapunktum\/","title":{"rendered":"Teilnahme an der Ausstellung \u201eOK!\u201c der K\u00fcnstlercooperative \u201econtrapunktum\u201c"},"content":{"rendered":"<p><a href=\"http:\/\/www.kienzl.net\/blog\/?attachment_id=631\" rel=\"attachment wp-att-631\"><img loading=\"lazy\" decoding=\"async\" class=\"alignnone size-medium wp-image-631\" src=\"http:\/\/www.kienzl.net\/blog\/wp-content\/uploads\/2016\/03\/poechlarn-1-web-800-300x169.jpg\" alt=\"Kienzl in P\u00f6chlarn\" width=\"300\" height=\"169\" srcset=\"https:\/\/www.kienzl.net\/blog\/wp-content\/uploads\/2016\/03\/poechlarn-1-web-800-300x169.jpg 300w, https:\/\/www.kienzl.net\/blog\/wp-content\/uploads\/2016\/03\/poechlarn-1-web-800-768x432.jpg 768w, https:\/\/www.kienzl.net\/blog\/wp-content\/uploads\/2016\/03\/poechlarn-1-web-800-624x351.jpg 624w, https:\/\/www.kienzl.net\/blog\/wp-content\/uploads\/2016\/03\/poechlarn-1-web-800.jpg 800w\" sizes=\"auto, (max-width: 300px) 100vw, 300px\" \/><\/a><br \/>\n<!-- cleanup 12\/2017 --><br \/>\nIch freue mich,   an der Ausstellung <strong><em>\u201eOK!\u201c<\/em><\/strong><br \/>\nder K\u00fcnstlercooperative \u201e<em>contrapunktum<\/em>\u201c<br \/>\n(Eva Bakalar | Renate Habinger | Ernest A. Kienzl | J. F. Sochurek)<br \/>\nim Oskar Kokoschka-Haus in P\u00f6chlarn teilzunehmen<br \/>\nund lade herzlich zum Besuch der <strong>Er\u00f6ffnung am 6. M\u00e4rz 2016<\/strong>, um 17.00 Uhr ein.<br \/>\nDas Foto zeigt einige meiner Arbeiten in dieser Ausstellung<\/p>\n<p><strong>Weitere \u00d6ffnungszeiten:<\/strong><br \/>\nOskar Kokoschka-Haus<br \/>\nRegensburgerstra\u00dfe 29<br \/>\n3380 P\u00f6chlarn<br \/>\n6.-20. M\u00e4rz<br \/>\nFreitag bis Sonntag 10.00-17.00 uhr<\/p>\n<p>&nbsp;<\/p>\n","protected":false},"excerpt":{"rendered":"<p>Ich freue mich, an der Ausstellung \u201eOK!\u201c der K\u00fcnstlercooperative \u201econtrapunktum\u201c (Eva Bakalar | Renate Habinger | Ernest A. Kienzl | J. F. Sochurek) im Oskar Kokoschka-Haus in P\u00f6chlarn teilzunehmen und lade herzlich zum Besuch der Er\u00f6ffnung am 6. M\u00e4rz 2016, um 17.00 Uhr ein. Das Foto zeigt einige meiner Arbeiten in dieser Ausstellung Weitere \u00d6ffnungszeiten: [&hellip;]<\/p>\n","protected":false},"author":5,"featured_media":0,"comment_status":"closed","ping_status":"closed","sticky":false,"template":"","format":"standard","meta":{"footnotes":""},"categories":[1],"tags":[],"class_list":["post-630","post","type-post","status-publish","format-standard","hentry","category-allgemein"],"_links":{"self":[{"href":"https:\/\/www.kienzl.net\/blog\/wp-json\/wp\/v2\/posts\/630","targetHints":{"allow":["GET"]}}],"collection":[{"href":"https:\/\/www.kienzl.net\/blog\/wp-json\/wp\/v2\/posts"}],"about":[{"href":"https:\/\/www.kienzl.net\/blog\/wp-json\/wp\/v2\/types\/post"}],"author":[{"embeddable":true,"href":"https:\/\/www.kienzl.net\/blog\/wp-json\/wp\/v2\/users\/5"}],"replies":[{"embeddable":true,"href":"https:\/\/www.kienzl.net\/blog\/wp-json\/wp\/v2\/comments?post=630"}],"version-history":[{"count":0,"href":"https:\/\/www.kienzl.net\/blog\/wp-json\/wp\/v2\/posts\/630\/revisions"}],"wp:attachment":[{"href":"https:\/\/www.kienzl.net\/blog\/wp-json\/wp\/v2\/media?parent=630"}],"wp:term":[{"taxonomy":"category","embeddable":true,"href":"https:\/\/www.kienzl.net\/blog\/wp-json\/wp\/v2\/categories?post=630"},{"taxonomy":"post_tag","embeddable":true,"href":"https:\/\/www.kienzl.net\/blog\/wp-json\/wp\/v2\/tags?post=630"}],"curies":[{"name":"wp","href":"https:\/\/api.w.org\/{rel}","templated":true}]}}