{"id":589,"date":"2015-11-14T23:52:22","date_gmt":"2015-11-14T22:52:22","guid":{"rendered":"http:\/\/www.kienzl.net\/blog\/?p=589"},"modified":"2015-11-14T23:52:27","modified_gmt":"2015-11-14T22:52:27","slug":"finissage-der-69-jahresausstellung-des-st-poeltner-kuenstlerbundes","status":"publish","type":"post","link":"https:\/\/www.kienzl.net\/blog\/2015\/11\/finissage-der-69-jahresausstellung-des-st-poeltner-kuenstlerbundes\/","title":{"rendered":"Finissage der 69. Jahresausstellung des St. P\u00f6ltner K\u00fcnstlerbundes"},"content":{"rendered":"<p><a href=\"http:\/\/www.kienzl.net\/blog\/de\/2015\/11\/finissage-der-69-jahresausstellung-des-st-poeltner-kuenstlerbundes\/finissage1\/\" rel=\"attachment wp-att-590\"><img loading=\"lazy\" decoding=\"async\" class=\"alignnone wp-image-590 size-medium\" src=\"http:\/\/www.kienzl.net\/blog\/wp-content\/uploads\/2015\/11\/Finissage1-300x200.jpg\" alt=\"Finissage der 69. Jahresausstellung des St. P\u00f6ltner K\u00fcnstlerbundes. Foto Fischl\" width=\"300\" height=\"200\" srcset=\"https:\/\/www.kienzl.net\/blog\/wp-content\/uploads\/2015\/11\/Finissage1-300x200.jpg 300w, https:\/\/www.kienzl.net\/blog\/wp-content\/uploads\/2015\/11\/Finissage1-1024x682.jpg 1024w, https:\/\/www.kienzl.net\/blog\/wp-content\/uploads\/2015\/11\/Finissage1-624x416.jpg 624w, https:\/\/www.kienzl.net\/blog\/wp-content\/uploads\/2015\/11\/Finissage1.jpg 1772w\" sizes=\"auto, (max-width: 300px) 100vw, 300px\" \/><\/a><br \/>\n<!-- cleanup 12\/2017 --><br \/>\nHeute wurde die von mir kuratierte 69. Jahresausstellung des St. P\u00f6ltner K\u00fcnstlerbundes im Stadtmuseum St. P\u00f6lten\u00a0mit der Finissage und der Verleihung des Adolf Peschek-Publikumspreises am Eva Bakalar abgeschlossen. Danke an die vielen Besucherinnen und Besucher und f\u00fcr die interessanten Gespr\u00e4che \u00fcber Ausstellende und ihre Arbeiten.<\/p>\n","protected":false},"excerpt":{"rendered":"<p>Heute wurde die von mir kuratierte 69. Jahresausstellung des St. P\u00f6ltner K\u00fcnstlerbundes im Stadtmuseum St. P\u00f6lten\u00a0mit der Finissage und der Verleihung des Adolf Peschek-Publikumspreises am Eva Bakalar abgeschlossen. Danke an die vielen Besucherinnen und Besucher und f\u00fcr die interessanten Gespr\u00e4che \u00fcber Ausstellende und ihre Arbeiten.<\/p>\n","protected":false},"author":5,"featured_media":0,"comment_status":"closed","ping_status":"closed","sticky":false,"template":"","format":"standard","meta":{"footnotes":""},"categories":[1],"tags":[],"class_list":["post-589","post","type-post","status-publish","format-standard","hentry","category-allgemein"],"_links":{"self":[{"href":"https:\/\/www.kienzl.net\/blog\/wp-json\/wp\/v2\/posts\/589","targetHints":{"allow":["GET"]}}],"collection":[{"href":"https:\/\/www.kienzl.net\/blog\/wp-json\/wp\/v2\/posts"}],"about":[{"href":"https:\/\/www.kienzl.net\/blog\/wp-json\/wp\/v2\/types\/post"}],"author":[{"embeddable":true,"href":"https:\/\/www.kienzl.net\/blog\/wp-json\/wp\/v2\/users\/5"}],"replies":[{"embeddable":true,"href":"https:\/\/www.kienzl.net\/blog\/wp-json\/wp\/v2\/comments?post=589"}],"version-history":[{"count":0,"href":"https:\/\/www.kienzl.net\/blog\/wp-json\/wp\/v2\/posts\/589\/revisions"}],"wp:attachment":[{"href":"https:\/\/www.kienzl.net\/blog\/wp-json\/wp\/v2\/media?parent=589"}],"wp:term":[{"taxonomy":"category","embeddable":true,"href":"https:\/\/www.kienzl.net\/blog\/wp-json\/wp\/v2\/categories?post=589"},{"taxonomy":"post_tag","embeddable":true,"href":"https:\/\/www.kienzl.net\/blog\/wp-json\/wp\/v2\/tags?post=589"}],"curies":[{"name":"wp","href":"https:\/\/api.w.org\/{rel}","templated":true}]}}