{"id":567,"date":"2015-08-17T23:45:39","date_gmt":"2015-08-17T21:45:02","guid":{"rendered":"http:\/\/www.kienzl.net\/blog\/?p=567"},"modified":"2015-08-17T23:45:09","modified_gmt":"2015-08-17T21:45:09","slug":"ausstellung-dont-touch-beruehren-gestattet-in-raabs-an-der-thaya","status":"publish","type":"post","link":"https:\/\/www.kienzl.net\/blog\/2015\/08\/ausstellung-dont-touch-beruehren-gestattet-in-raabs-an-der-thaya\/","title":{"rendered":"Ausstellung: &#8222;DON&#8217;T TOUCH! Ber\u00fchren gestattet?&#8220; in Raabs an der Thaya"},"content":{"rendered":"<table width=\"717\">\n<!-- cleanup 12\/2017 --> <\/p>\n<tbody>\n<tr>\n<td>\n<h2>Ich freue mich,   auch in Raabs an der Thaya dabei zu sein<\/h2>\n<p><a href=\"http:\/\/www.kienzl.net\/blog\/de\/2015\/08\/ausstellung-dont-touch-beruehren-gestattet-in-raabs-an-der-thaya\/dont-touch-raabs\/\" rel=\"attachment wp-att-568\"><img loading=\"lazy\" decoding=\"async\" class=\"alignnone size-medium wp-image-568\" src=\"http:\/\/www.kienzl.net\/blog\/wp-content\/uploads\/2015\/08\/dont-touch-raabs-300x192.jpg\" alt=\"dont-touch-raabs\" width=\"300\" height=\"192\" srcset=\"https:\/\/www.kienzl.net\/blog\/wp-content\/uploads\/2015\/08\/dont-touch-raabs-300x192.jpg 300w, https:\/\/www.kienzl.net\/blog\/wp-content\/uploads\/2015\/08\/dont-touch-raabs.jpg 460w\" sizes=\"auto, (max-width: 300px) 100vw, 300px\" \/><\/a><\/p>\n<p><strong>Die N\u00f6ART l\u00e4dt ein\u00a0zur\u00a0Vernissage der Ausstellung<\/strong> <strong>DON\u00b4T TOUCH! Ber\u00fchren gestattet?<\/strong> <strong>Beitr\u00e4ge aus den Bereichen Collage,   Fotografie,   Installation, Malerei, <\/strong><strong>Objektkunst und Skulptur<\/strong><br \/>\nam Freitag, dem 21. August 2015, um 19.00 Uhr<br \/>\nin der Galerie im Lindenhof Oberndorf bei Raabs 7,<br \/>\n3820 Raabs an der Thaya<br \/>\nBegr\u00fc\u00dfung B\u00fcrgermeister Mag. Rudolf Mayer Sofie Fischer, N\u00f6ART<br \/>\nEinf\u00fchrende Worte Judith.P.Fischer, Kuratorin der Ausstellung<br \/>\nEr\u00f6ffnung Bundesrat Ing. Eduard K\u00f6ck in Vertretung von Landeshauptmann Dr. Erwin Pr\u00f6ll<br \/>\nZur Ausstellung erscheint eine Publikation, herausgegeben von N\u00f6ART und Judith.P.Fischer<br \/>\nAusstellungsdauer 22. August \u2013 18. September 2015<br \/>\n\u00d6ffnungszeiten Sa 14.00 \u2013 16.00 Uhr So 10.00 \u2013 12.00 Uhr und 14.00 \u2013 16.00 Uhr<\/p>\n<p>Folgende K\u00fcnstlerinnen und K\u00fcnstler sind vertreten. Wir zeigen eine Auswahl ihrer Arbeiten. Ona B. \u2022 Petra Buchegger \u2022 Gisela Erlacher \u2022 Daniela Gall\u00e9e \u2022 Josip Kaiser Ernest A. Kienzl \u2022 Oswald Oberhuber \u2022 Heide Pichler \u2022 Anneliese Schrenk Peter Sommerauer \u2022 Kurt Spitaler \u2022 Franziska Stiegholzer \u2022 Josef Trattner Peter Weber \u2022 Fridolin Welte<\/p>\n<p>Abbildung Fridolin Welte, Liegest\u00fchle, Installation, 2015 \u00a9 Heide Pichler<\/p>\n<p>&nbsp;<\/td>\n<\/tr>\n<tr>\n<td>Nieder\u00f6sterreich Gesellschaft f\u00fcr Kunst und Kultur 3100 St. P\u00f6lten, Lederergasse 8\/1\/L2 Tel. 02742 \/ 755 90 (Fax + 10) E-mail: <a href=\"mailto:office@noeart.at\">office@noeart.at<\/a> Homepage: <a href=\"http:\/\/www.noeart.at\/\">www.noeart.at<\/a><\/td>\n<\/tr>\n<\/tbody>\n<\/table>\n","protected":false},"excerpt":{"rendered":"<p>Ich freue mich, auch in Raabs an der Thaya dabei zu sein Die N\u00f6ART l\u00e4dt ein\u00a0zur\u00a0Vernissage der Ausstellung DON\u00b4T TOUCH! Ber\u00fchren gestattet? Beitr\u00e4ge aus den Bereichen Collage, Fotografie, Installation, Malerei, Objektkunst und Skulptur am Freitag, dem 21. August 2015, um 19.00 Uhr in der Galerie im Lindenhof Oberndorf bei Raabs 7, 3820 Raabs an der [&hellip;]<\/p>\n","protected":false},"author":5,"featured_media":0,"comment_status":"closed","ping_status":"closed","sticky":false,"template":"","format":"standard","meta":{"footnotes":""},"categories":[1],"tags":[],"class_list":["post-567","post","type-post","status-publish","format-standard","hentry","category-allgemein"],"_links":{"self":[{"href":"https:\/\/www.kienzl.net\/blog\/wp-json\/wp\/v2\/posts\/567","targetHints":{"allow":["GET"]}}],"collection":[{"href":"https:\/\/www.kienzl.net\/blog\/wp-json\/wp\/v2\/posts"}],"about":[{"href":"https:\/\/www.kienzl.net\/blog\/wp-json\/wp\/v2\/types\/post"}],"author":[{"embeddable":true,"href":"https:\/\/www.kienzl.net\/blog\/wp-json\/wp\/v2\/users\/5"}],"replies":[{"embeddable":true,"href":"https:\/\/www.kienzl.net\/blog\/wp-json\/wp\/v2\/comments?post=567"}],"version-history":[{"count":0,"href":"https:\/\/www.kienzl.net\/blog\/wp-json\/wp\/v2\/posts\/567\/revisions"}],"wp:attachment":[{"href":"https:\/\/www.kienzl.net\/blog\/wp-json\/wp\/v2\/media?parent=567"}],"wp:term":[{"taxonomy":"category","embeddable":true,"href":"https:\/\/www.kienzl.net\/blog\/wp-json\/wp\/v2\/categories?post=567"},{"taxonomy":"post_tag","embeddable":true,"href":"https:\/\/www.kienzl.net\/blog\/wp-json\/wp\/v2\/tags?post=567"}],"curies":[{"name":"wp","href":"https:\/\/api.w.org\/{rel}","templated":true}]}}