{"id":559,"date":"2015-06-10T17:14:35","date_gmt":"2015-06-10T10:10:48","guid":{"rendered":"http:\/\/www.kienzl.net\/blog\/?p=559"},"modified":"2015-06-10T12:10:55","modified_gmt":"2015-06-10T10:10:55","slug":"einladung-zur-noeart-vernissage-dont-touch-beruehren-gestattet-in-st-peter-in-der-au","status":"publish","type":"post","link":"https:\/\/www.kienzl.net\/blog\/2015\/06\/einladung-zur-noeart-vernissage-dont-touch-beruehren-gestattet-in-st-peter-in-der-au\/","title":{"rendered":"Einladung zur N\u00f6ART Vernissage \u201eDON\u2019T TOUCH! Ber\u00fchren gestattet?\u201d in St. Peter in der Au"},"content":{"rendered":"<p>Ich freue mich,   bei dieser von Judith P. Fischer kuratierten Ausstellung dabeizusein.<br \/>\n<!-- cleanup 12\/2017 --><br \/>\n<a href=\"http:\/\/www.kienzl.net\/blog\/de\/2015\/06\/einladung-zur-noeart-vernissage-dont-touch-beruehren-gestattet-in-st-peter-in-der-au\/buchegger\/\" rel=\"attachment wp-att-560\"><img loading=\"lazy\" decoding=\"async\" class=\"alignnone size-medium wp-image-560\" src=\"http:\/\/www.kienzl.net\/blog\/wp-content\/uploads\/2015\/06\/buchegger-300x184.jpg\" alt=\"Buchegger\" width=\"300\" height=\"184\" srcset=\"https:\/\/www.kienzl.net\/blog\/wp-content\/uploads\/2015\/06\/buchegger-300x184.jpg 300w, https:\/\/www.kienzl.net\/blog\/wp-content\/uploads\/2015\/06\/buchegger.jpg 520w\" sizes=\"auto, (max-width: 300px) 100vw, 300px\" \/><\/a><\/p>\n<p><strong>DON\u00b4T TOUCH! Ber\u00fchren gestattet?<\/strong> <strong>Beitr\u00e4ge aus den Bereichen Collage, Fotografie, Installation, Malerei, <\/strong><\/p>\n<p><strong>Objektkunst und Skulptur<\/strong><\/p>\n<p>Er\u00f6ffnung:<br \/>\nam Freitag, dem 19. Juni 2015,<br \/>\num 19.00 Uhr im Schloss St. Peter in der Au<br \/>\nHofgasse 6,<br \/>\n3352 St. Peter in der Au<br \/>\nBegr\u00fc\u00dfung B\u00fcrgermeister MMag. Johannes Heuras<br \/>\nEinf\u00fchrende Worte Judith.P.Fischer, Kuratorin der Ausstellung<br \/>\nEr\u00f6ffnung Abgeordneter zum N\u00d6 Landtag Anton Kasser in Vertretung von Landeshauptmann Dr. Erwin Pr\u00f6ll<\/p>\n<p>Zur Ausstellung erscheint eine Publikation, herausgegeben von N\u00f6ART und Judith.P.Fischer<\/p>\n<p>Ausstellungsdauer 20. Juni \u2013 5. Juli 2015<\/p>\n<p>\u00d6ffnungszeiten Sa 14.00 \u2013 17.00 Uhr So 10.00 \u2013 12.00 Uhr und 14.00 \u2013 17.00 Uhr<\/p>\n<p>Folgende K\u00fcnstlerinnen und K\u00fcnstler sind vertreten. Wir zeigen eine Auswahl ihrer Arbeiten. Ona B. \u2022 Petra Buchegger \u2022 Gisela Erlacher \u2022 Daniela Gall\u00e9e \u2022 Josip Kaiser Ernest A. Kienzl \u2022 Oswald Oberhuber \u2022 Heide Pichler \u2022 Anneliese Schrenk Peter Sommerauer \u2022 Kurt Spitaler \u2022 Franziska Stiegholzer \u2022 Josef Trattner Peter Weber \u2022 Fridolin Welte<br \/>\nAbbildung Petra Buchegger, What life makes possible at all is constant uncertainty, 2010 Kittelsch\u00fcrzenstoff, Textilwatte, 170 x 300 cm \u00a9 Judith.P.Fischer\/Bildrecht, Wien, 2015<\/p>\n","protected":false},"excerpt":{"rendered":"<p>Ich freue mich, bei dieser von Judith P. Fischer kuratierten Ausstellung dabeizusein. DON\u00b4T TOUCH! Ber\u00fchren gestattet? Beitr\u00e4ge aus den Bereichen Collage, Fotografie, Installation, Malerei, Objektkunst und Skulptur Er\u00f6ffnung: am Freitag, dem 19. Juni 2015, um 19.00 Uhr im Schloss St. Peter in der Au Hofgasse 6, 3352 St. Peter in der Au Begr\u00fc\u00dfung B\u00fcrgermeister MMag. [&hellip;]<\/p>\n","protected":false},"author":5,"featured_media":0,"comment_status":"closed","ping_status":"closed","sticky":false,"template":"","format":"standard","meta":{"footnotes":""},"categories":[1],"tags":[],"class_list":["post-559","post","type-post","status-publish","format-standard","hentry","category-allgemein"],"_links":{"self":[{"href":"https:\/\/www.kienzl.net\/blog\/wp-json\/wp\/v2\/posts\/559","targetHints":{"allow":["GET"]}}],"collection":[{"href":"https:\/\/www.kienzl.net\/blog\/wp-json\/wp\/v2\/posts"}],"about":[{"href":"https:\/\/www.kienzl.net\/blog\/wp-json\/wp\/v2\/types\/post"}],"author":[{"embeddable":true,"href":"https:\/\/www.kienzl.net\/blog\/wp-json\/wp\/v2\/users\/5"}],"replies":[{"embeddable":true,"href":"https:\/\/www.kienzl.net\/blog\/wp-json\/wp\/v2\/comments?post=559"}],"version-history":[{"count":0,"href":"https:\/\/www.kienzl.net\/blog\/wp-json\/wp\/v2\/posts\/559\/revisions"}],"wp:attachment":[{"href":"https:\/\/www.kienzl.net\/blog\/wp-json\/wp\/v2\/media?parent=559"}],"wp:term":[{"taxonomy":"category","embeddable":true,"href":"https:\/\/www.kienzl.net\/blog\/wp-json\/wp\/v2\/categories?post=559"},{"taxonomy":"post_tag","embeddable":true,"href":"https:\/\/www.kienzl.net\/blog\/wp-json\/wp\/v2\/tags?post=559"}],"curies":[{"name":"wp","href":"https:\/\/api.w.org\/{rel}","templated":true}]}}