{"id":551,"date":"2015-05-26T23:27:28","date_gmt":"2015-05-26T21:18:48","guid":{"rendered":"http:\/\/www.kienzl.net\/blog\/?p=551"},"modified":"2015-05-26T23:18:55","modified_gmt":"2015-05-26T21:18:55","slug":"einladung-zur-ausstellungseroeffnung-time","status":"publish","type":"post","link":"https:\/\/www.kienzl.net\/blog\/2015\/05\/einladung-zur-ausstellungseroeffnung-time\/","title":{"rendered":"Einladung zur Ausstellungser\u00f6ffnung \u00bbTIME\u00ab"},"content":{"rendered":"<p><a href=\"http:\/\/www.kienzl.net\/blog\/de\/2015\/05\/einladung-zur-ausstellungseroeffnung-time\/logo_time-web-800\/\" rel=\"attachment wp-att-552\"><img loading=\"lazy\" decoding=\"async\" class=\"alignnone size-medium wp-image-552\" src=\"http:\/\/www.kienzl.net\/blog\/wp-content\/uploads\/2015\/05\/logo_time-web-800-300x114.jpg\" alt=\"TIME\" width=\"300\" height=\"114\" srcset=\"https:\/\/www.kienzl.net\/blog\/wp-content\/uploads\/2015\/05\/logo_time-web-800-300x114.jpg 300w, https:\/\/www.kienzl.net\/blog\/wp-content\/uploads\/2015\/05\/logo_time-web-800-624x236.jpg 624w, https:\/\/www.kienzl.net\/blog\/wp-content\/uploads\/2015\/05\/logo_time-web-800.jpg 800w\" sizes=\"auto, (max-width: 300px) 100vw, 300px\" \/><\/a><br \/>\n<!-- cleanup 12\/2017 --><br \/>\n&nbsp;<\/p>\n<p>Als Kurator und Teilnehmer der Ausstellung <em><strong>\u00bbTIME\u00ab<\/strong><\/em> m\u00f6chte ich herzlich zur Er\u00f6ffnung am Donnerstag,   28. Mai 2015 um 18.30 Uhr ins <a href=\"http:\/\/stpoeltnerkuenstlerbund.at\/kunstwerk\"><span style=\"color: #000080;\">KUNST:WERK <\/span><\/a>St. P\u00f6lten einladen.<\/p>\n<p>Die Ausstellung ist vom 28. 5. bis 28. 6. 2015,   Do, Fr von 16.00 bis 18.30 und Sa, So von 10.30 bis 13.00 Uhr ge\u00f6ffnet. Es ist jeweils eine teilnehmende K\u00fcnstlerin \/ ein teilnehmender K\u00fcnstler anwesend und freut sich auf interessante Gespr\u00e4che.<\/p>\n<p>Mein Beitrag zur Ausstellung:<\/p>\n<p><a href=\"http:\/\/www.kienzl.net\/blog\/de\/2015\/05\/einladung-zur-ausstellungseroeffnung-time\/kienzl-tick-tack-web-800\/\" rel=\"attachment wp-att-553\"><img loading=\"lazy\" decoding=\"async\" class=\"alignnone size-medium wp-image-553\" src=\"http:\/\/www.kienzl.net\/blog\/wp-content\/uploads\/2015\/05\/Kienzl-Tick-tack-web-800-212x300.jpg\" alt=\"Tick Tack\" width=\"212\" height=\"300\" srcset=\"https:\/\/www.kienzl.net\/blog\/wp-content\/uploads\/2015\/05\/Kienzl-Tick-tack-web-800-212x300.jpg 212w, https:\/\/www.kienzl.net\/blog\/wp-content\/uploads\/2015\/05\/Kienzl-Tick-tack-web-800.jpg 566w\" sizes=\"auto, (max-width: 212px) 100vw, 212px\" \/><\/a><\/p>\n","protected":false},"excerpt":{"rendered":"<p>&nbsp; Als Kurator und Teilnehmer der Ausstellung \u00bbTIME\u00ab m\u00f6chte ich herzlich zur Er\u00f6ffnung am Donnerstag, 28. Mai 2015 um 18.30 Uhr ins KUNST:WERK St. P\u00f6lten einladen. Die Ausstellung ist vom 28. 5. bis 28. 6. 2015, Do, Fr von 16.00 bis 18.30 und Sa, So von 10.30 bis 13.00 Uhr ge\u00f6ffnet. Es ist jeweils eine [&hellip;]<\/p>\n","protected":false},"author":5,"featured_media":0,"comment_status":"closed","ping_status":"closed","sticky":false,"template":"","format":"standard","meta":{"footnotes":""},"categories":[1],"tags":[11,19,90],"class_list":["post-551","post","type-post","status-publish","format-standard","hentry","category-allgemein","tag-ausstellung","tag-kunstwerk","tag-time"],"_links":{"self":[{"href":"https:\/\/www.kienzl.net\/blog\/wp-json\/wp\/v2\/posts\/551","targetHints":{"allow":["GET"]}}],"collection":[{"href":"https:\/\/www.kienzl.net\/blog\/wp-json\/wp\/v2\/posts"}],"about":[{"href":"https:\/\/www.kienzl.net\/blog\/wp-json\/wp\/v2\/types\/post"}],"author":[{"embeddable":true,"href":"https:\/\/www.kienzl.net\/blog\/wp-json\/wp\/v2\/users\/5"}],"replies":[{"embeddable":true,"href":"https:\/\/www.kienzl.net\/blog\/wp-json\/wp\/v2\/comments?post=551"}],"version-history":[{"count":1,"href":"https:\/\/www.kienzl.net\/blog\/wp-json\/wp\/v2\/posts\/551\/revisions"}],"predecessor-version":[{"id":1198,"href":"https:\/\/www.kienzl.net\/blog\/wp-json\/wp\/v2\/posts\/551\/revisions\/1198"}],"wp:attachment":[{"href":"https:\/\/www.kienzl.net\/blog\/wp-json\/wp\/v2\/media?parent=551"}],"wp:term":[{"taxonomy":"category","embeddable":true,"href":"https:\/\/www.kienzl.net\/blog\/wp-json\/wp\/v2\/categories?post=551"},{"taxonomy":"post_tag","embeddable":true,"href":"https:\/\/www.kienzl.net\/blog\/wp-json\/wp\/v2\/tags?post=551"}],"curies":[{"name":"wp","href":"https:\/\/api.w.org\/{rel}","templated":true}]}}