{"id":513,"date":"2015-04-01T10:32:21","date_gmt":"2015-04-01T08:32:21","guid":{"rendered":"http:\/\/www.kienzl.net\/blog\/?p=513"},"modified":"2015-04-01T10:32:28","modified_gmt":"2015-04-01T08:32:28","slug":"einladung-zur-noeart-vernissage-dont-touch-beruehren-gestattet-in-hollabrunn","status":"publish","type":"post","link":"https:\/\/www.kienzl.net\/blog\/2015\/04\/einladung-zur-noeart-vernissage-dont-touch-beruehren-gestattet-in-hollabrunn\/","title":{"rendered":"Einladung zur N\u00f6ART Vernissage &#8222;DON&#8217;T TOUCH! Ber\u00fchren gestattet?&#8220; in Hollabrunn"},"content":{"rendered":"<p><a href=\"http:\/\/www.kienzl.net\/blog\/2015\/04\/einladung-zur-noeart-vernissage-dont-touch-beruehren-gestattet-in-hollabrunn\/einladung-hollabrunn\/\" rel=\"attachment wp-att-514\"><img loading=\"lazy\" decoding=\"async\" class=\"alignnone size-medium wp-image-514\" src=\"http:\/\/www.kienzl.net\/blog\/wp-content\/uploads\/2015\/04\/einladung-hollabrunn-239x300.png\" alt=\"Einladung Hollabrunn\" width=\"239\" height=\"300\" srcset=\"https:\/\/www.kienzl.net\/blog\/wp-content\/uploads\/2015\/04\/einladung-hollabrunn-239x300.png 239w, https:\/\/www.kienzl.net\/blog\/wp-content\/uploads\/2015\/04\/einladung-hollabrunn-624x783.png 624w, https:\/\/www.kienzl.net\/blog\/wp-content\/uploads\/2015\/04\/einladung-hollabrunn.png 635w\" sizes=\"auto, (max-width: 239px) 100vw, 239px\" \/><\/a><br \/>\n<!-- cleanup 12\/2017 --><br \/>\nIch freue mich,   bei dieser von Judith P. Fischer kuratierten Ausstellung &#8211; gemeinsam mit Ona B. \u2022 Petra Buchegger \u2022 Gisela Erlacher \u2022 Daniela Gall\u00e9e \u2022 Josip Kaiser \u2022 Oswald Oberhuber \u2022 Heide Pichler \u2022 Anneliese Schrenk \u2022 Peter Sommerauer \u2022 Kurt Spitaler \u2022 Franziska Stiegholzer \u2022 Josef Trattner Peter Weber und Fridolin Welte &#8211; dabei zu sein.<\/p>\n<p>Herzliche Einladung zur Er\u00f6ffnung<br \/>\nam Freitag, dem 10. April 2015,<br \/>\num 19.00 Uhr Galerie grenzART,<br \/>\nSparkassegasse 1, 2020 Hollabrunn<\/p>\n<p>Begr\u00fc\u00dfung Kulturstadtrat Mag. Karl-Heinz Jirsa<br \/>\nRoswitha Straihammer, Leitung N\u00f6ART<br \/>\nEinf\u00fchrende Worte Judith.P.Fischer, Kuratorin der Ausstellung<br \/>\nEr\u00f6ffnung Abgeordneter zum N\u00d6 Landtag Richard Hogl in Vertretung von Landeshauptmann Dr. Erwin Pr\u00f6ll<br \/>\nZur Ausstellung erscheint eine Publikation, herausgegeben von N\u00f6ART und Judith.P.Fischer<\/p>\n<p>Ausstellungsdauer 11. April \u2013 3. Mai 2015 \u00d6ffnungszeiten Do und Fr 15.00 \u2013 18.00 Uhr<\/p>\n","protected":false},"excerpt":{"rendered":"<p>Ich freue mich, bei dieser von Judith P. Fischer kuratierten Ausstellung &#8211; gemeinsam mit Ona B. \u2022 Petra Buchegger \u2022 Gisela Erlacher \u2022 Daniela Gall\u00e9e \u2022 Josip Kaiser \u2022 Oswald Oberhuber \u2022 Heide Pichler \u2022 Anneliese Schrenk \u2022 Peter Sommerauer \u2022 Kurt Spitaler \u2022 Franziska Stiegholzer \u2022 Josef Trattner Peter Weber und Fridolin Welte &#8211; [&hellip;]<\/p>\n","protected":false},"author":5,"featured_media":0,"comment_status":"closed","ping_status":"closed","sticky":false,"template":"","format":"standard","meta":{"footnotes":""},"categories":[1],"tags":[28,37,36],"class_list":["post-513","post","type-post","status-publish","format-standard","hentry","category-allgemein","tag-ausstellungsteilnahme","tag-dont-touch","tag-hollabrunn"],"_links":{"self":[{"href":"https:\/\/www.kienzl.net\/blog\/wp-json\/wp\/v2\/posts\/513","targetHints":{"allow":["GET"]}}],"collection":[{"href":"https:\/\/www.kienzl.net\/blog\/wp-json\/wp\/v2\/posts"}],"about":[{"href":"https:\/\/www.kienzl.net\/blog\/wp-json\/wp\/v2\/types\/post"}],"author":[{"embeddable":true,"href":"https:\/\/www.kienzl.net\/blog\/wp-json\/wp\/v2\/users\/5"}],"replies":[{"embeddable":true,"href":"https:\/\/www.kienzl.net\/blog\/wp-json\/wp\/v2\/comments?post=513"}],"version-history":[{"count":0,"href":"https:\/\/www.kienzl.net\/blog\/wp-json\/wp\/v2\/posts\/513\/revisions"}],"wp:attachment":[{"href":"https:\/\/www.kienzl.net\/blog\/wp-json\/wp\/v2\/media?parent=513"}],"wp:term":[{"taxonomy":"category","embeddable":true,"href":"https:\/\/www.kienzl.net\/blog\/wp-json\/wp\/v2\/categories?post=513"},{"taxonomy":"post_tag","embeddable":true,"href":"https:\/\/www.kienzl.net\/blog\/wp-json\/wp\/v2\/tags?post=513"}],"curies":[{"name":"wp","href":"https:\/\/api.w.org\/{rel}","templated":true}]}}