{"id":490,"date":"2015-03-23T11:48:18","date_gmt":"2015-03-23T10:48:18","guid":{"rendered":"http:\/\/www.kienzl.net\/blog\/?p=490"},"modified":"2019-12-28T18:18:52","modified_gmt":"2019-12-28T17:18:52","slug":"einladung-zur-ausstellung-mixed-positions-im-haus-der-kunst-baden","status":"publish","type":"post","link":"https:\/\/www.kienzl.net\/blog\/2015\/03\/einladung-zur-ausstellung-mixed-positions-im-haus-der-kunst-baden\/","title":{"rendered":"Einladung zur Ausstellung \u00bbmixed positions\u00ab im Haus der Kunst, Baden"},"content":{"rendered":"<p><img loading=\"lazy\" decoding=\"async\" class=\"alignnone size-medium wp-image-493\" src=\"http:\/\/www.kienzl.net\/blog\/wp-content\/uploads\/2015\/03\/mixed-web300-300x150.jpg\" alt=\"Einladung Seite 1\" width=\"300\" height=\"150\" \/>\u00a0<img loading=\"lazy\" decoding=\"async\" class=\"alignnone size-medium wp-image-492\" src=\"http:\/\/www.kienzl.net\/blog\/wp-content\/uploads\/2015\/03\/mixed-1-web-600-300x131.jpg\" alt=\"Einladung Seite 2\" width=\"300\" height=\"131\" srcset=\"https:\/\/www.kienzl.net\/blog\/wp-content\/uploads\/2015\/03\/mixed-1-web-600-300x131.jpg 300w, https:\/\/www.kienzl.net\/blog\/wp-content\/uploads\/2015\/03\/mixed-1-web-600.jpg 600w\" sizes=\"auto, (max-width: 300px) 100vw, 300px\" \/><br \/>\n<!-- cleanup 12\/2017 --><br \/>\nIch freue mich an der Ausstellung<em><strong> \u00bbmixed positions\u00ab<\/strong><\/em> der <em>K\u00fcnstlerkoperative Contrapunktum<\/em> im <strong>Haus der Kunst,   Baden<\/strong> teilzunehmen<br \/>\nund lade herzlich zur<strong> Er\u00f6ffnung am 27. M\u00e4rz 2015<\/strong>,   um 19.00 Uhr ein.<\/p>\n<p>Ausstellende: Eva Bakalar, Renate Habinger, Ernest A. Kienzl, J. f. Sochurek<\/p>\n<p>Die Ausstellung ist vom 28. 3. bis 19. 4. 2015 Di \u2013 Fr, 10h &#8211; 12h &amp;15h &#8211; 18h, w\u00e4hrend Ausstellungen auch am Wochenende ge\u00f6ffnet.<\/p>\n","protected":false},"excerpt":{"rendered":"<p>\u00a0 Ich freue mich an der Ausstellung \u00bbmixed positions\u00ab der K\u00fcnstlerkoperative Contrapunktum im Haus der Kunst, Baden teilzunehmen und lade herzlich zur Er\u00f6ffnung am 27. M\u00e4rz 2015, um 19.00 Uhr ein. Ausstellende: Eva Bakalar, Renate Habinger, Ernest A. Kienzl, J. f. Sochurek Die Ausstellung ist vom 28. 3. bis 19. 4. 2015 Di \u2013 Fr, [&hellip;]<\/p>\n","protected":false},"author":5,"featured_media":0,"comment_status":"closed","ping_status":"closed","sticky":false,"template":"","format":"standard","meta":{"footnotes":""},"categories":[1],"tags":[11,34,33,35],"class_list":["post-490","post","type-post","status-publish","format-standard","hentry","category-allgemein","tag-ausstellung","tag-baden","tag-contrapunktum","tag-haus-der-kunst"],"_links":{"self":[{"href":"https:\/\/www.kienzl.net\/blog\/wp-json\/wp\/v2\/posts\/490","targetHints":{"allow":["GET"]}}],"collection":[{"href":"https:\/\/www.kienzl.net\/blog\/wp-json\/wp\/v2\/posts"}],"about":[{"href":"https:\/\/www.kienzl.net\/blog\/wp-json\/wp\/v2\/types\/post"}],"author":[{"embeddable":true,"href":"https:\/\/www.kienzl.net\/blog\/wp-json\/wp\/v2\/users\/5"}],"replies":[{"embeddable":true,"href":"https:\/\/www.kienzl.net\/blog\/wp-json\/wp\/v2\/comments?post=490"}],"version-history":[{"count":0,"href":"https:\/\/www.kienzl.net\/blog\/wp-json\/wp\/v2\/posts\/490\/revisions"}],"wp:attachment":[{"href":"https:\/\/www.kienzl.net\/blog\/wp-json\/wp\/v2\/media?parent=490"}],"wp:term":[{"taxonomy":"category","embeddable":true,"href":"https:\/\/www.kienzl.net\/blog\/wp-json\/wp\/v2\/categories?post=490"},{"taxonomy":"post_tag","embeddable":true,"href":"https:\/\/www.kienzl.net\/blog\/wp-json\/wp\/v2\/tags?post=490"}],"curies":[{"name":"wp","href":"https:\/\/api.w.org\/{rel}","templated":true}]}}