{"id":481,"date":"2015-03-22T16:35:59","date_gmt":"2015-03-22T15:35:59","guid":{"rendered":"http:\/\/www.kienzl.net\/blog\/?p=481"},"modified":"2017-12-16T15:00:06","modified_gmt":"2017-12-16T14:00:06","slug":"teilnahme-an-der-ausstellung-back-from-japan-im-stadtmuseum-st-poelten","status":"publish","type":"post","link":"https:\/\/www.kienzl.net\/blog\/2015\/03\/teilnahme-an-der-ausstellung-back-from-japan-im-stadtmuseum-st-poelten\/","title":{"rendered":"Teilnahme an der Ausstellung: \u00bbBack from Japan\u00ab im Stadtmuseum St. P\u00f6lten"},"content":{"rendered":"<p><a href=\"http:\/\/www.kienzl.net\/blog\/2015\/03\/teilnahme-an-der-ausstellung-back-from-japan-im-stadtmuseum-st-poelten\/nomaden_backfromjapan-web-800\/\" rel=\"attachment wp-att-482\"><img loading=\"lazy\" decoding=\"async\" class=\"alignnone size-medium wp-image-482\" src=\"http:\/\/www.kienzl.net\/blog\/wp-content\/uploads\/2015\/03\/nomaden_BackFromJapan-web-800-300x200.jpg\" alt=\"Ernest A. Kienzl bei der Er\u00f6ffnung der Ausstellung \u00bbBack from Japan\u00ab mit Museumsleiter Thomas Pulle und Obfrau der \u00bbnomaden\u00ab Johanna Kienzl\" width=\"300\" height=\"200\" srcset=\"https:\/\/www.kienzl.net\/blog\/wp-content\/uploads\/2015\/03\/nomaden_BackFromJapan-web-800-300x200.jpg 300w, https:\/\/www.kienzl.net\/blog\/wp-content\/uploads\/2015\/03\/nomaden_BackFromJapan-web-800-624x416.jpg 624w, https:\/\/www.kienzl.net\/blog\/wp-content\/uploads\/2015\/03\/nomaden_BackFromJapan-web-800.jpg 800w\" sizes=\"auto, (max-width: 300px) 100vw, 300px\" \/><\/a><br \/>\n<!-- cleanup 12\/2017 --><\/p>\n<p class=\"Stil2\"><span style=\"font-size: small;\">Ausstellung des <a href=\"http:\/\/www.stpoeltnerkuenstlerbund.at\/\" target=\"_blank\" rel=\"noopener\"><span style=\"color: #000080;\">St. P\u00f6ltner K\u00fcnstlerbundes<\/span><\/a><br \/>\nim <a href=\"http:\/\/www.stadtmuseum-stpoelten.at\/\" target=\"_blank\" rel=\"noopener\"><span style=\"color: #000080;\">Stadtmuseum St. P\u00f6lten<\/span><\/a><br \/>\n17. 3. &#8211; 1. 4. 2015<br \/>\nEr\u00f6ffnung 17. 3. 2015, 19.00 Uhr<\/span><\/p>\n<p class=\"Stil2\">Ausstellende: Eva Bakalar | Judith Exel | Hermann F. Fischl | Hermine Karigl-Wagenhofer | Ernest A. Kienzl | Herbert Kraus | Hannelore Mann | Franz Rupp | Kurt Sch\u00f6nthaler | Josef F. Sochurek | Margareta Weichhart-Antony<\/p>\n<p class=\"Stil2\">Diese Ausstellung findet anl\u00e4sslich des Weltautismustages in Zusammenarbeit mit dem Verein <strong><em><a href=\"http:\/\/www.nomaden.at\/\" target=\"_blank\" rel=\"noopener\"><span style=\"color: #000080;\">nomaden<\/span><\/a><\/em><\/strong><a href=\"http:\/\/www.nomaden.at\/\"><span style=\"color: #000080;\"> &#8211; ambulante Unterst\u00fctzung f\u00fcr Menschen mit einer tiefgreifenden Entwicklungsst\u00f6rung<\/span><\/a> statt und zeigt Werke von Mitgliedern des St.P\u00f6ltner K\u00fcnstlerbundes, die, ausgew\u00e4hlt vom japanischen Kurator Yokozawa Yoshitaka, anl\u00e4sslich des letztj\u00e4hrigen Weltautismustages in Kurashiki und Tokio zu Gast waren.<\/p>\n<p class=\"Stil2\"><a href=\"http:\/\/www.p3tv.at\/webtv\/6329-back-from-japan-im-stadmuseum-st-poelten\" rel=\"attachment wp-att-485\"><img loading=\"lazy\" decoding=\"async\" class=\"alignnone wp-image-485\" src=\"http:\/\/www.kienzl.net\/blog\/wp-content\/uploads\/2015\/03\/P3tv-regional_web-100x46.jpg\" alt=\"P3tv+regional_web-100x46\" width=\"52\" height=\"24\" \/><\/a>\u00a0<a href=\"http:\/\/www.p3tv.at\/webtv\/6329-back-from-japan-im-stadmuseum-st-poelten\">Beitrag in P3TV<\/a><\/p>\n","protected":false},"excerpt":{"rendered":"<p>Ausstellung des St. P\u00f6ltner K\u00fcnstlerbundes im Stadtmuseum St. P\u00f6lten 17. 3. &#8211; 1. 4. 2015 Er\u00f6ffnung 17. 3. 2015, 19.00 Uhr Ausstellende: Eva Bakalar | Judith Exel | Hermann F. Fischl | Hermine Karigl-Wagenhofer | Ernest A. Kienzl | Herbert Kraus | Hannelore Mann | Franz Rupp | Kurt Sch\u00f6nthaler | Josef F. Sochurek | [&hellip;]<\/p>\n","protected":false},"author":5,"featured_media":0,"comment_status":"closed","ping_status":"closed","sticky":false,"template":"","format":"standard","meta":{"footnotes":""},"categories":[1],"tags":[10,11,28],"class_list":["post-481","post","type-post","status-publish","format-standard","hentry","category-allgemein","tag-st-poltner-kunstlerbund","tag-ausstellung","tag-ausstellungsteilnahme"],"_links":{"self":[{"href":"https:\/\/www.kienzl.net\/blog\/wp-json\/wp\/v2\/posts\/481","targetHints":{"allow":["GET"]}}],"collection":[{"href":"https:\/\/www.kienzl.net\/blog\/wp-json\/wp\/v2\/posts"}],"about":[{"href":"https:\/\/www.kienzl.net\/blog\/wp-json\/wp\/v2\/types\/post"}],"author":[{"embeddable":true,"href":"https:\/\/www.kienzl.net\/blog\/wp-json\/wp\/v2\/users\/5"}],"replies":[{"embeddable":true,"href":"https:\/\/www.kienzl.net\/blog\/wp-json\/wp\/v2\/comments?post=481"}],"version-history":[{"count":0,"href":"https:\/\/www.kienzl.net\/blog\/wp-json\/wp\/v2\/posts\/481\/revisions"}],"wp:attachment":[{"href":"https:\/\/www.kienzl.net\/blog\/wp-json\/wp\/v2\/media?parent=481"}],"wp:term":[{"taxonomy":"category","embeddable":true,"href":"https:\/\/www.kienzl.net\/blog\/wp-json\/wp\/v2\/categories?post=481"},{"taxonomy":"post_tag","embeddable":true,"href":"https:\/\/www.kienzl.net\/blog\/wp-json\/wp\/v2\/tags?post=481"}],"curies":[{"name":"wp","href":"https:\/\/api.w.org\/{rel}","templated":true}]}}