{"id":477,"date":"2015-03-07T18:46:47","date_gmt":"2015-03-07T17:46:47","guid":{"rendered":"http:\/\/www.kienzl.net\/blog\/?p=477"},"modified":"2015-03-07T18:46:47","modified_gmt":"2015-03-07T17:46:47","slug":"teilnahme-an-der-ausstellung-dont-touch-beruehren-gestattet-in-hainburg","status":"publish","type":"post","link":"https:\/\/www.kienzl.net\/blog\/2015\/03\/teilnahme-an-der-ausstellung-dont-touch-beruehren-gestattet-in-hainburg\/","title":{"rendered":"Teilnahme an der Ausstellung \u00bbDON\u00b4T TOUCH! Ber\u00fchren gestattet?\u00ab in Hainburg"},"content":{"rendered":"<p>Ich freue mich,   an dieser Ausstellung teilzunehmen! <img decoding=\"async\" class=\"wp-smiley\" src=\"http:\/\/www.kienzl.net\/blog\/wp-includes\/images\/smilies\/icon_smile.gif\" alt=\":-)\" \/><br \/>\n<!-- cleanup 12\/2017 --><br \/>\n<a href=\"http:\/\/www.kienzl.net\/blog\/2015\/02\/teilnahme-an-der-ausstellung-dont-touch-beruehren-gestattet\/kienzl-wuerfel-a-05\/\" rel=\"attachment wp-att-466\"><img loading=\"lazy\" decoding=\"async\" class=\"alignnone size-medium wp-image-466\" src=\"http:\/\/www.kienzl.net\/blog\/wp-content\/uploads\/2015\/02\/kienzl-wuerfel-a-05-200x300.jpg\" alt=\"6x9feldzeichenw\u00fcrfel\" width=\"200\" height=\"300\" srcset=\"https:\/\/www.kienzl.net\/blog\/wp-content\/uploads\/2015\/02\/kienzl-wuerfel-a-05-200x300.jpg 200w, https:\/\/www.kienzl.net\/blog\/wp-content\/uploads\/2015\/02\/kienzl-wuerfel-a-05.jpg 555w\" sizes=\"auto, (max-width: 200px) 100vw, 200px\" \/><\/a><\/p>\n<p><strong>DON\u00b4T TOUCH! Ber\u00fchren gestattet?<\/strong><\/p>\n<p><strong>Beitr\u00e4ge aus den Bereichen Collage, Fotografie, Installation, Malerei, <\/strong><strong>Objektkunst und Skulptur<\/strong><\/p>\n<p>am Freitag, dem\u00a0<strong>13. M\u00e4rz\u00a02015<\/strong>, um <strong>19.00 Uhr<\/strong><br \/>\nim <strong>Kulturfabrik Hainburg<br \/>\n<\/strong><strong>Begr\u00fc\u00dfung:<\/strong><br \/>\nKulturstadtr\u00e4tin Silvia Zeisel<br \/>\nRoswitha Straihammer, Leitung N\u00f6ART<br \/>\n<strong>Einf\u00fchrende Worte:<\/strong><br \/>\nJudith.P.Fischer, Kuratorin der Ausstellung<br \/>\n<strong>Er\u00f6ffnung:<\/strong><br \/>\nBundesrat Gerhard Sch\u00f6dinger\u00a0in Vertretung von Landeshauptmann Dr. Erwin Pr\u00f6ll<\/p>\n<p>Zur Ausstellung erscheint eine Publikation, herausgegeben von N\u00f6ART und Judith.P.Fischer<\/p>\n<p>Ausstellungsdauer 14. M\u00e4rz &#8211; 6. April\u00a02015<br \/>\n\u00d6ffnungszeiten:<br \/>\nDonnerstag, Freitag 16.00 \u2013 20.00 Uhr, Samstag, Sonntag, Feiertag\u00a010.00 \u2013 16.00 Uhr<\/p>\n<p><strong> Folgende K\u00fcnstlerinnen und K\u00fcnstler<\/strong> <strong>sind vertreten:<\/strong><br \/>\nWir zeigen eine Auswahl ihrer Arbeiten. Ona B. \u2022 Petra Buchegger \u2022 Gisela Erlacher \u2022 Daniela Gall\u00e9e \u2022 Josip Kaiser Ernest A. Kienzl \u2022 Oswald Oberhuber \u2022 Heide Pichler \u2022 Anneliese Schrenk Peter Sommerauer \u2022 Kurt Spitaler \u2022 Franziska Stiegholzer \u2022 Josef Trattner Peter Weber \u2022 Fridolin Welte<\/p>\n","protected":false},"excerpt":{"rendered":"<p>Ich freue mich, an dieser Ausstellung teilzunehmen! DON\u00b4T TOUCH! Ber\u00fchren gestattet? Beitr\u00e4ge aus den Bereichen Collage, Fotografie, Installation, Malerei, Objektkunst und Skulptur am Freitag, dem\u00a013. M\u00e4rz\u00a02015, um 19.00 Uhr im Kulturfabrik Hainburg Begr\u00fc\u00dfung: Kulturstadtr\u00e4tin Silvia Zeisel Roswitha Straihammer, Leitung N\u00f6ART Einf\u00fchrende Worte: Judith.P.Fischer, Kuratorin der Ausstellung Er\u00f6ffnung: Bundesrat Gerhard Sch\u00f6dinger\u00a0in Vertretung von Landeshauptmann Dr. Erwin [&hellip;]<\/p>\n","protected":false},"author":5,"featured_media":0,"comment_status":"closed","ping_status":"closed","sticky":false,"template":"","format":"standard","meta":{"footnotes":""},"categories":[1],"tags":[],"class_list":["post-477","post","type-post","status-publish","format-standard","hentry","category-allgemein"],"_links":{"self":[{"href":"https:\/\/www.kienzl.net\/blog\/wp-json\/wp\/v2\/posts\/477","targetHints":{"allow":["GET"]}}],"collection":[{"href":"https:\/\/www.kienzl.net\/blog\/wp-json\/wp\/v2\/posts"}],"about":[{"href":"https:\/\/www.kienzl.net\/blog\/wp-json\/wp\/v2\/types\/post"}],"author":[{"embeddable":true,"href":"https:\/\/www.kienzl.net\/blog\/wp-json\/wp\/v2\/users\/5"}],"replies":[{"embeddable":true,"href":"https:\/\/www.kienzl.net\/blog\/wp-json\/wp\/v2\/comments?post=477"}],"version-history":[{"count":0,"href":"https:\/\/www.kienzl.net\/blog\/wp-json\/wp\/v2\/posts\/477\/revisions"}],"wp:attachment":[{"href":"https:\/\/www.kienzl.net\/blog\/wp-json\/wp\/v2\/media?parent=477"}],"wp:term":[{"taxonomy":"category","embeddable":true,"href":"https:\/\/www.kienzl.net\/blog\/wp-json\/wp\/v2\/categories?post=477"},{"taxonomy":"post_tag","embeddable":true,"href":"https:\/\/www.kienzl.net\/blog\/wp-json\/wp\/v2\/tags?post=477"}],"curies":[{"name":"wp","href":"https:\/\/api.w.org\/{rel}","templated":true}]}}