{"id":472,"date":"2015-03-03T22:22:30","date_gmt":"2015-03-03T21:22:30","guid":{"rendered":"http:\/\/www.kienzl.net\/blog\/?p=472"},"modified":"2015-03-22T16:46:11","modified_gmt":"2015-03-22T15:46:11","slug":"am-donnerstag-5-3-2015-eroeffnung-der-ausstellung-farbig-im-kunstwerk","status":"publish","type":"post","link":"https:\/\/www.kienzl.net\/blog\/2015\/03\/am-donnerstag-5-3-2015-eroeffnung-der-ausstellung-farbig-im-kunstwerk\/","title":{"rendered":"Am Donnerstag, 5. 3. 2015: Er\u00f6ffnung der Ausstellung \u00bbfarbig\u00ab im KUNST:WERK"},"content":{"rendered":"<p><a href=\"http:\/\/www.kienzl.net\/blog\/2015\/03\/am-donnerstag-5-3-2015-eroeffnung-der-ausstellung-farbig-im-kunstwerk\/bild-farbig\/\" rel=\"attachment wp-att-473\"><img loading=\"lazy\" decoding=\"async\" class=\"alignnone size-medium wp-image-473\" src=\"http:\/\/www.kienzl.net\/blog\/wp-content\/uploads\/2015\/03\/bild-farbig-300x200.jpg\" alt=\"farbig\" width=\"300\" height=\"200\" srcset=\"https:\/\/www.kienzl.net\/blog\/wp-content\/uploads\/2015\/03\/bild-farbig-300x200.jpg 300w, https:\/\/www.kienzl.net\/blog\/wp-content\/uploads\/2015\/03\/bild-farbig.jpg 600w\" sizes=\"auto, (max-width: 300px) 100vw, 300px\" \/><\/a><br \/>\n<!-- cleanup 12\/2017 --><br \/>\nAls Kurator und Teilnehmer der Ausstellung <em><strong>\u00bbfarbig\u00ab<\/strong><\/em> m\u00f6chte ich herzlich zur Er\u00f6ffnung am Donnerstag,   5. M\u00e4rz 2015 um 18.30 Uhr ins <a href=\"http:\/\/stpoeltnerkuenstlerbund.at\/kunstwerk\">KUNST:WERK <\/a>St. P\u00f6lten einladen.<\/p>\n<p>Die Ausstellung ist vom 5. 3. bis 12. 4. 2015,   Do, Fr von 16.00 bis 18.30 und Sa, So von 10.30 bis 13.00 Uhr ge\u00f6ffnet. Es ist jeweils eine teilnehmende K\u00fcnstlerin \/ ein teilnehmender K\u00fcnstler anwesend und freut sich auf interessante Gespr\u00e4che.<\/p>\n<p><a href=\"http:\/\/www.p3tv.at\/webtv\/6297-st-poeltner-kuenstlerbund-startet-neuen-ausstellungszyklus\" rel=\"attachment wp-att-485\"><img loading=\"lazy\" decoding=\"async\" class=\"alignnone wp-image-485\" src=\"http:\/\/www.kienzl.net\/blog\/wp-content\/uploads\/2015\/03\/P3tv-regional_web-100x46.jpg\" alt=\"P3tv+regional_web-100x46\" width=\"70\" height=\"32\" \/><\/a>\u00a0<a href=\"http:\/\/www.p3tv.at\/webtv\/6297-st-poeltner-kuenstlerbund-startet-neuen-ausstellungszyklus\">Fernsehbeitrag in P3TV<\/a><\/p>\n","protected":false},"excerpt":{"rendered":"<p>Als Kurator und Teilnehmer der Ausstellung \u00bbfarbig\u00ab m\u00f6chte ich herzlich zur Er\u00f6ffnung am Donnerstag, 5. M\u00e4rz 2015 um 18.30 Uhr ins KUNST:WERK St. P\u00f6lten einladen. Die Ausstellung ist vom 5. 3. bis 12. 4. 2015, Do, Fr von 16.00 bis 18.30 und Sa, So von 10.30 bis 13.00 Uhr ge\u00f6ffnet. Es ist jeweils eine teilnehmende [&hellip;]<\/p>\n","protected":false},"author":5,"featured_media":0,"comment_status":"closed","ping_status":"closed","sticky":false,"template":"","format":"standard","meta":{"footnotes":""},"categories":[1],"tags":[11,19,22],"class_list":["post-472","post","type-post","status-publish","format-standard","hentry","category-allgemein","tag-ausstellung","tag-kunstwerk","tag-vernissage"],"_links":{"self":[{"href":"https:\/\/www.kienzl.net\/blog\/wp-json\/wp\/v2\/posts\/472","targetHints":{"allow":["GET"]}}],"collection":[{"href":"https:\/\/www.kienzl.net\/blog\/wp-json\/wp\/v2\/posts"}],"about":[{"href":"https:\/\/www.kienzl.net\/blog\/wp-json\/wp\/v2\/types\/post"}],"author":[{"embeddable":true,"href":"https:\/\/www.kienzl.net\/blog\/wp-json\/wp\/v2\/users\/5"}],"replies":[{"embeddable":true,"href":"https:\/\/www.kienzl.net\/blog\/wp-json\/wp\/v2\/comments?post=472"}],"version-history":[{"count":0,"href":"https:\/\/www.kienzl.net\/blog\/wp-json\/wp\/v2\/posts\/472\/revisions"}],"wp:attachment":[{"href":"https:\/\/www.kienzl.net\/blog\/wp-json\/wp\/v2\/media?parent=472"}],"wp:term":[{"taxonomy":"category","embeddable":true,"href":"https:\/\/www.kienzl.net\/blog\/wp-json\/wp\/v2\/categories?post=472"},{"taxonomy":"post_tag","embeddable":true,"href":"https:\/\/www.kienzl.net\/blog\/wp-json\/wp\/v2\/tags?post=472"}],"curies":[{"name":"wp","href":"https:\/\/api.w.org\/{rel}","templated":true}]}}