{"id":465,"date":"2015-02-14T19:16:23","date_gmt":"2015-02-14T18:16:23","guid":{"rendered":"http:\/\/www.kienzl.net\/blog\/?p=465"},"modified":"2015-03-07T18:53:17","modified_gmt":"2015-03-07T17:53:17","slug":"teilnahme-an-der-ausstellung-dont-touch-beruehren-gestattet","status":"publish","type":"post","link":"https:\/\/www.kienzl.net\/blog\/2015\/02\/teilnahme-an-der-ausstellung-dont-touch-beruehren-gestattet\/","title":{"rendered":"Teilnahme an der Ausstellung \u00bbDON\u00b4T TOUCH! Ber\u00fchren gestattet?\u00ab in Horn"},"content":{"rendered":"<p>Ich freue mich,   an dieser Ausstellung teilzunehmen! \ud83d\ude42<br \/>\n<!-- cleanup 12\/2017 --><br \/>\n<a href=\"http:\/\/www.kienzl.net\/blog\/2015\/02\/teilnahme-an-der-ausstellung-dont-touch-beruehren-gestattet\/kienzl-wuerfel-a-05\/\" rel=\"attachment wp-att-466\"><img loading=\"lazy\" decoding=\"async\" class=\"alignnone size-medium wp-image-466\" src=\"http:\/\/www.kienzl.net\/blog\/wp-content\/uploads\/2015\/02\/kienzl-wuerfel-a-05-200x300.jpg\" alt=\"6x9feldzeichenw\u00fcrfel\" width=\"200\" height=\"300\" srcset=\"https:\/\/www.kienzl.net\/blog\/wp-content\/uploads\/2015\/02\/kienzl-wuerfel-a-05-200x300.jpg 200w, https:\/\/www.kienzl.net\/blog\/wp-content\/uploads\/2015\/02\/kienzl-wuerfel-a-05.jpg 555w\" sizes=\"auto, (max-width: 200px) 100vw, 200px\" \/><\/a><\/p>\n<p><strong>DON\u00b4T TOUCH! Ber\u00fchren gestattet?<\/strong><\/p>\n<p><strong>Beitr\u00e4ge aus den Bereichen Collage,   Fotografie,   Installation, Malerei, <\/strong><strong>Objektkunst und Skulptur<\/strong><\/p>\n<p>am Freitag, dem <strong>20. Februar 2015<\/strong>, um <strong>19.00 Uhr<\/strong><br \/>\nim <strong>Kunsthaus Horn<\/strong>, Wiener Stra\u00dfe 2, 3580 Horn<br \/>\n<strong>Begr\u00fc\u00dfung:<\/strong><br \/>\nB\u00fcrgermeister LAbg. J\u00fcrgen Maier<br \/>\nRoswitha Straihammer, Leitung N\u00f6ART<br \/>\n<strong>Einf\u00fchrende Worte:<\/strong><br \/>\nJudith.P.Fischer, Kuratorin der Ausstellung<br \/>\n<strong>Er\u00f6ffnung:<\/strong><br \/>\nLandesr\u00e4tin Mag. Barbara Schwarz in Vertretung von Landeshauptmann Dr. Erwin Pr\u00f6ll<\/p>\n<p>Zur Ausstellung erscheint eine Publikation, herausgegeben von N\u00f6ART und Judith.P.Fischer<\/p>\n<p>Ausstellungsdauer 21. Februar \u2013 4. M\u00e4rz 2015<br \/>\n\u00d6ffnungszeiten:<br \/>\nFreitag 15.00 \u2013 18.00 Uhr, Samstag 13.00 \u2013 17.00 Uhr Montag und Dienstag 9.00 \u2013 12.00 Uhr<\/p>\n<p><strong> Folgende K\u00fcnstlerinnen und K\u00fcnstler<\/strong> <strong>sind vertreten:<\/strong><br \/>\nWir zeigen eine Auswahl ihrer Arbeiten. Ona B. \u2022 Petra Buchegger \u2022 Gisela Erlacher \u2022 Daniela Gall\u00e9e \u2022 Josip Kaiser Ernest A. Kienzl \u2022 Oswald Oberhuber \u2022 Heide Pichler \u2022 Anneliese Schrenk Peter Sommerauer \u2022 Kurt Spitaler \u2022 Franziska Stiegholzer \u2022 Josef Trattner Peter Weber \u2022 Fridolin Welte<\/p>\n","protected":false},"excerpt":{"rendered":"<p>Ich freue mich, an dieser Ausstellung teilzunehmen! \ud83d\ude42 DON\u00b4T TOUCH! Ber\u00fchren gestattet? Beitr\u00e4ge aus den Bereichen Collage, Fotografie, Installation, Malerei, Objektkunst und Skulptur am Freitag, dem 20. Februar 2015, um 19.00 Uhr im Kunsthaus Horn, Wiener Stra\u00dfe 2, 3580 Horn Begr\u00fc\u00dfung: B\u00fcrgermeister LAbg. J\u00fcrgen Maier Roswitha Straihammer, Leitung N\u00f6ART Einf\u00fchrende Worte: Judith.P.Fischer, Kuratorin der Ausstellung [&hellip;]<\/p>\n","protected":false},"author":5,"featured_media":0,"comment_status":"closed","ping_status":"closed","sticky":false,"template":"","format":"standard","meta":{"footnotes":""},"categories":[1],"tags":[11,32,31],"class_list":["post-465","post","type-post","status-publish","format-standard","hentry","category-allgemein","tag-ausstellung","tag-horn","tag-noeart"],"_links":{"self":[{"href":"https:\/\/www.kienzl.net\/blog\/wp-json\/wp\/v2\/posts\/465","targetHints":{"allow":["GET"]}}],"collection":[{"href":"https:\/\/www.kienzl.net\/blog\/wp-json\/wp\/v2\/posts"}],"about":[{"href":"https:\/\/www.kienzl.net\/blog\/wp-json\/wp\/v2\/types\/post"}],"author":[{"embeddable":true,"href":"https:\/\/www.kienzl.net\/blog\/wp-json\/wp\/v2\/users\/5"}],"replies":[{"embeddable":true,"href":"https:\/\/www.kienzl.net\/blog\/wp-json\/wp\/v2\/comments?post=465"}],"version-history":[{"count":0,"href":"https:\/\/www.kienzl.net\/blog\/wp-json\/wp\/v2\/posts\/465\/revisions"}],"wp:attachment":[{"href":"https:\/\/www.kienzl.net\/blog\/wp-json\/wp\/v2\/media?parent=465"}],"wp:term":[{"taxonomy":"category","embeddable":true,"href":"https:\/\/www.kienzl.net\/blog\/wp-json\/wp\/v2\/categories?post=465"},{"taxonomy":"post_tag","embeddable":true,"href":"https:\/\/www.kienzl.net\/blog\/wp-json\/wp\/v2\/tags?post=465"}],"curies":[{"name":"wp","href":"https:\/\/api.w.org\/{rel}","templated":true}]}}