{"id":432,"date":"2013-12-04T23:16:59","date_gmt":"2013-12-04T22:16:59","guid":{"rendered":"http:\/\/www.kienzl.net\/blog\/?p=432"},"modified":"2013-12-04T23:16:59","modified_gmt":"2013-12-04T22:16:59","slug":"teilnahme-an-der-ausstellung-grenzen-im-kunstwerk","status":"publish","type":"post","link":"https:\/\/www.kienzl.net\/blog\/2013\/12\/teilnahme-an-der-ausstellung-grenzen-im-kunstwerk\/","title":{"rendered":"Teilnahme an der Ausstellung \u00bbGrenzen\u00ab im KUNST:WERK"},"content":{"rendered":"<p>Noch bis 22. Dezember l\u00e4uft die von mir kuratierte Ausstellung \u00bbGrenzen\u00ab im KUNST:WERK St. P\u00f6lten. Ge\u00f6ffnet ist sie Do und Fr von 16.00-18.30 Uhr,   sowie Sa und So von 10.00-12.30 Uhr. Zu den \u00d6ffnungszeiten ist jeweils ein Teilnehmer oder eine Teilnehmerin an der Ausstellung im KUNST:WERK und steht f\u00fcr Gespr\u00e4che bereit.<br \/>\n<!-- cleanup 12\/2017 --><br \/>\nMein Beitrag: <a href=\"http:\/\/www.kienzl.net\/blog\/2013\/12\/teilnahme-an-der-ausstellung-grenzen-im-kunstwerk\/kienzl-img_1439-web-600\/\" rel=\"attachment wp-att-433\"><img loading=\"lazy\" decoding=\"async\" class=\"alignnone size-medium wp-image-433\" alt=\"Mind the gap von Ernest A. Kienzl\" src=\"http:\/\/www.kienzl.net\/blog\/wp-content\/uploads\/2013\/12\/kienzl-IMG_1439-web-600-300x200.jpg\" width=\"300\" height=\"200\" srcset=\"https:\/\/www.kienzl.net\/blog\/wp-content\/uploads\/2013\/12\/kienzl-IMG_1439-web-600-300x200.jpg 300w, https:\/\/www.kienzl.net\/blog\/wp-content\/uploads\/2013\/12\/kienzl-IMG_1439-web-600.jpg 600w\" sizes=\"auto, (max-width: 300px) 100vw, 300px\" \/><\/a><\/p>\n","protected":false},"excerpt":{"rendered":"<p>Noch bis 22. Dezember l\u00e4uft die von mir kuratierte Ausstellung \u00bbGrenzen\u00ab im KUNST:WERK St. P\u00f6lten. Ge\u00f6ffnet ist sie Do und Fr von 16.00-18.30 Uhr, sowie Sa und So von 10.00-12.30 Uhr. Zu den \u00d6ffnungszeiten ist jeweils ein Teilnehmer oder eine Teilnehmerin an der Ausstellung im KUNST:WERK und steht f\u00fcr Gespr\u00e4che bereit. Mein Beitrag:<\/p>\n","protected":false},"author":5,"featured_media":0,"comment_status":"closed","ping_status":"closed","sticky":false,"template":"","format":"standard","meta":{"footnotes":""},"categories":[1],"tags":[11,19],"class_list":["post-432","post","type-post","status-publish","format-standard","hentry","category-allgemein","tag-ausstellung","tag-kunstwerk"],"_links":{"self":[{"href":"https:\/\/www.kienzl.net\/blog\/wp-json\/wp\/v2\/posts\/432","targetHints":{"allow":["GET"]}}],"collection":[{"href":"https:\/\/www.kienzl.net\/blog\/wp-json\/wp\/v2\/posts"}],"about":[{"href":"https:\/\/www.kienzl.net\/blog\/wp-json\/wp\/v2\/types\/post"}],"author":[{"embeddable":true,"href":"https:\/\/www.kienzl.net\/blog\/wp-json\/wp\/v2\/users\/5"}],"replies":[{"embeddable":true,"href":"https:\/\/www.kienzl.net\/blog\/wp-json\/wp\/v2\/comments?post=432"}],"version-history":[{"count":0,"href":"https:\/\/www.kienzl.net\/blog\/wp-json\/wp\/v2\/posts\/432\/revisions"}],"wp:attachment":[{"href":"https:\/\/www.kienzl.net\/blog\/wp-json\/wp\/v2\/media?parent=432"}],"wp:term":[{"taxonomy":"category","embeddable":true,"href":"https:\/\/www.kienzl.net\/blog\/wp-json\/wp\/v2\/categories?post=432"},{"taxonomy":"post_tag","embeddable":true,"href":"https:\/\/www.kienzl.net\/blog\/wp-json\/wp\/v2\/tags?post=432"}],"curies":[{"name":"wp","href":"https:\/\/api.w.org\/{rel}","templated":true}]}}