{"id":278,"date":"2013-01-30T23:14:33","date_gmt":"2013-01-30T22:14:33","guid":{"rendered":"http:\/\/www.kienzl.net\/blog\/?p=278"},"modified":"2013-01-30T23:14:33","modified_gmt":"2013-01-30T22:14:33","slug":"morgen-31-1-eroffnung-der-ausstellung-einblick-in-steyr","status":"publish","type":"post","link":"https:\/\/www.kienzl.net\/blog\/2013\/01\/morgen-31-1-eroffnung-der-ausstellung-einblick-in-steyr\/","title":{"rendered":"morgen, 31. 1. Er\u00f6ffnung der Ausstellung &#8222;ein|blick&#8220; in Steyr."},"content":{"rendered":"<p>Ich freue mich dabei zu sein und die Ausstellung zusammengestellt zu haben. Fast 100 Arbeiten von 22 K\u00fcnstlerinnen und K\u00fcnstlern sind in den sch\u00f6nen R\u00e4umen der Schlossgalerie zu sehen.<\/p>\n","protected":false},"excerpt":{"rendered":"<p>Ich freue mich dabei zu sein und die Ausstellung zusammengestellt zu haben. Fast 100 Arbeiten von 22 K\u00fcnstlerinnen und K\u00fcnstlern sind in den sch\u00f6nen R\u00e4umen der Schlossgalerie zu sehen.<\/p>\n","protected":false},"author":5,"featured_media":0,"comment_status":"closed","ping_status":"closed","sticky":false,"template":"","format":"standard","meta":{"footnotes":""},"categories":[1],"tags":[],"class_list":["post-278","post","type-post","status-publish","format-standard","hentry","category-allgemein"],"_links":{"self":[{"href":"https:\/\/www.kienzl.net\/blog\/wp-json\/wp\/v2\/posts\/278","targetHints":{"allow":["GET"]}}],"collection":[{"href":"https:\/\/www.kienzl.net\/blog\/wp-json\/wp\/v2\/posts"}],"about":[{"href":"https:\/\/www.kienzl.net\/blog\/wp-json\/wp\/v2\/types\/post"}],"author":[{"embeddable":true,"href":"https:\/\/www.kienzl.net\/blog\/wp-json\/wp\/v2\/users\/5"}],"replies":[{"embeddable":true,"href":"https:\/\/www.kienzl.net\/blog\/wp-json\/wp\/v2\/comments?post=278"}],"version-history":[{"count":0,"href":"https:\/\/www.kienzl.net\/blog\/wp-json\/wp\/v2\/posts\/278\/revisions"}],"wp:attachment":[{"href":"https:\/\/www.kienzl.net\/blog\/wp-json\/wp\/v2\/media?parent=278"}],"wp:term":[{"taxonomy":"category","embeddable":true,"href":"https:\/\/www.kienzl.net\/blog\/wp-json\/wp\/v2\/categories?post=278"},{"taxonomy":"post_tag","embeddable":true,"href":"https:\/\/www.kienzl.net\/blog\/wp-json\/wp\/v2\/tags?post=278"}],"curies":[{"name":"wp","href":"https:\/\/api.w.org\/{rel}","templated":true}]}}