{"id":268,"date":"2013-01-22T14:37:12","date_gmt":"2013-01-22T13:37:12","guid":{"rendered":"http:\/\/www.kienzl.net\/blog\/?p=268"},"modified":"2013-01-22T15:56:33","modified_gmt":"2013-01-22T14:56:33","slug":"einladung-zur-eroffnung-und-zum-besuch-der-ausstellung-ein-blick","status":"publish","type":"post","link":"https:\/\/www.kienzl.net\/blog\/2013\/01\/einladung-zur-eroffnung-und-zum-besuch-der-ausstellung-ein-blick\/","title":{"rendered":"Einladung zur Er\u00f6ffnung und zum Besuch der Ausstellung \u00bbein | blick\u00ab"},"content":{"rendered":"<p><a href=\"http:\/\/www.kienzl.net\/blog\/2013\/01\/einladung-zur-eroffnung-und-zum-besuch-der-ausstellung-ein-blick\/einblick-logo\/\" rel=\"attachment wp-att-269\"><img loading=\"lazy\" decoding=\"async\" class=\"alignnone size-medium wp-image-269\" alt=\"einBlick-Logo\" src=\"http:\/\/www.kienzl.net\/blog\/wp-content\/uploads\/2013\/01\/einBlick-Logo-252x300.png\" width=\"252\" height=\"300\" srcset=\"https:\/\/www.kienzl.net\/blog\/wp-content\/uploads\/2013\/01\/einBlick-Logo-252x300.png 252w, https:\/\/www.kienzl.net\/blog\/wp-content\/uploads\/2013\/01\/einBlick-Logo.png 253w\" sizes=\"auto, (max-width: 252px) 100vw, 252px\" \/><\/a><br \/>\n<!-- cleanup 12\/2017 --><br \/>\nDie Ausstellung \u00bbein | blick\u00ab des St. P\u00f6ltner K\u00fcnstlerbundes<br \/>\nin der Schlossgalerie Steyr (Schloss Lamberg,  )<br \/>\nwird am 31. 1. 2012 um 19.00 Uhr er\u00f6ffnet.<br \/>\nSie ist vom 1. bis 17. Februar 2013<br \/>\nDienstag bis sonntag von 10.00-12.00 und 14.00-17.00 Uhr ge\u00f6ffnet.<\/p>\n","protected":false},"excerpt":{"rendered":"<p>Die Ausstellung \u00bbein | blick\u00ab des St. P\u00f6ltner K\u00fcnstlerbundes in der Schlossgalerie Steyr (Schloss Lamberg, ) wird am 31. 1. 2012 um 19.00 Uhr er\u00f6ffnet. Sie ist vom 1. bis 17. Februar 2013 Dienstag bis sonntag von 10.00-12.00 und 14.00-17.00 Uhr ge\u00f6ffnet.<\/p>\n","protected":false},"author":5,"featured_media":0,"comment_status":"closed","ping_status":"closed","sticky":false,"template":"","format":"standard","meta":{"footnotes":""},"categories":[1],"tags":[10,11,17,22],"class_list":["post-268","post","type-post","status-publish","format-standard","hentry","category-allgemein","tag-st-poltner-kunstlerbund","tag-ausstellung","tag-kunstlerbund","tag-vernissage"],"_links":{"self":[{"href":"https:\/\/www.kienzl.net\/blog\/wp-json\/wp\/v2\/posts\/268","targetHints":{"allow":["GET"]}}],"collection":[{"href":"https:\/\/www.kienzl.net\/blog\/wp-json\/wp\/v2\/posts"}],"about":[{"href":"https:\/\/www.kienzl.net\/blog\/wp-json\/wp\/v2\/types\/post"}],"author":[{"embeddable":true,"href":"https:\/\/www.kienzl.net\/blog\/wp-json\/wp\/v2\/users\/5"}],"replies":[{"embeddable":true,"href":"https:\/\/www.kienzl.net\/blog\/wp-json\/wp\/v2\/comments?post=268"}],"version-history":[{"count":0,"href":"https:\/\/www.kienzl.net\/blog\/wp-json\/wp\/v2\/posts\/268\/revisions"}],"wp:attachment":[{"href":"https:\/\/www.kienzl.net\/blog\/wp-json\/wp\/v2\/media?parent=268"}],"wp:term":[{"taxonomy":"category","embeddable":true,"href":"https:\/\/www.kienzl.net\/blog\/wp-json\/wp\/v2\/categories?post=268"},{"taxonomy":"post_tag","embeddable":true,"href":"https:\/\/www.kienzl.net\/blog\/wp-json\/wp\/v2\/tags?post=268"}],"curies":[{"name":"wp","href":"https:\/\/api.w.org\/{rel}","templated":true}]}}