{"id":1841,"date":"2025-09-29T10:17:44","date_gmt":"2025-09-29T08:17:44","guid":{"rendered":"https:\/\/www.kienzl.net\/blog\/?p=1841"},"modified":"2025-09-29T10:32:18","modified_gmt":"2025-09-29T08:32:18","slug":"found-abstracts-palms","status":"publish","type":"post","link":"https:\/\/www.kienzl.net\/blog\/2025\/09\/found-abstracts-palms\/","title":{"rendered":"found abstracts | palms"},"content":{"rendered":"\n<p class=\"has-large-font-size\"><strong>Zeitgen\u00f6ssische Kunst trifft auf Biedermeier<\/strong><\/p>\n\n\n\n<figure class=\"wp-block-image size-medium\"><img loading=\"lazy\" decoding=\"async\" width=\"214\" height=\"300\" src=\"https:\/\/www.kienzl.net\/blog\/wp-content\/uploads\/2025\/09\/plakat-Ausstellung_Gauermannmuseum-web-800-214x300.jpg\" alt=\"\" class=\"wp-image-1842\" srcset=\"https:\/\/www.kienzl.net\/blog\/wp-content\/uploads\/2025\/09\/plakat-Ausstellung_Gauermannmuseum-web-800-214x300.jpg 214w, https:\/\/www.kienzl.net\/blog\/wp-content\/uploads\/2025\/09\/plakat-Ausstellung_Gauermannmuseum-web-800.jpg 570w\" sizes=\"auto, (max-width: 214px) 100vw, 214px\" \/><\/figure>\n\n\n\n<p class=\"has-medium-font-size\" style=\"line-height:1.8\">Im <strong>Gauermannmuseum <\/strong>in Miesenbach wird mit der k\u00fcrzlich er\u00f6ffneten Ausstellung<br \/><em><strong>Ernest A. Kienzl &#8211; found abstracts | palms<\/strong><\/em><br \/>bis zum 30. November 2025 eine interessante Gegen\u00fcberstellung historischer und aktueller k\u00fcnstlerischer Positionen pr\u00e4sentiert.<br \/>Im Erdgescho\u00df wie gewohnt die\u00a0<a href=\"https:\/\/www.gauermannmuseum.at\/content\/ausstellungen\/dauerausstellung\/\">Dauerausstellung Friedrich Gauermann<\/a>\u00a0und die herausragende\u00a0<a href=\"https:\/\/www.gauermannmuseum.at\/content\/ausstellungen\/sonderausstellung\/sonderausstellung-2025\/\">Sonderausstellung &#8222;Eduard Ritter&#8220;<\/a>, \u00a0in der\u00a0<a href=\"https:\/\/www.gauermannmuseum.at\/content\/ausstellungen\/galerie\/2025-galerie-im-1_-stock\/found-abstracts---ernest-kienzl-20_-09_---30_-11_-2025\/\">zeitgen\u00f6ssischen Galerie im 1. Stock<\/a> die Ausstellung des St.\u00a0P\u00f6ltner K\u00fcnstlers <em>found abstracts | palms<\/em>.<\/p>\n\n\n\n<figure class=\"wp-block-gallery has-nested-images columns-default is-cropped wp-block-gallery-2 is-layout-flex wp-block-gallery-is-layout-flex\">\n<figure class=\"wp-block-image size-large\"><img loading=\"lazy\" decoding=\"async\" width=\"1200\" height=\"627\" data-id=\"1843\" src=\"https:\/\/www.kienzl.net\/blog\/wp-content\/uploads\/2025\/09\/20250917_134306-korr-web1200.jpg\" alt=\"\" class=\"wp-image-1843\" srcset=\"https:\/\/www.kienzl.net\/blog\/wp-content\/uploads\/2025\/09\/20250917_134306-korr-web1200.jpg 1200w, https:\/\/www.kienzl.net\/blog\/wp-content\/uploads\/2025\/09\/20250917_134306-korr-web1200-300x157.jpg 300w, https:\/\/www.kienzl.net\/blog\/wp-content\/uploads\/2025\/09\/20250917_134306-korr-web1200-768x401.jpg 768w\" sizes=\"auto, (max-width: 1200px) 100vw, 1200px\" \/><\/figure>\n\n\n\n<figure class=\"wp-block-image size-large\"><img loading=\"lazy\" decoding=\"async\" width=\"2000\" height=\"949\" data-id=\"1845\" src=\"https:\/\/www.kienzl.net\/blog\/wp-content\/uploads\/2025\/09\/20250917_134822-korr-web1200-2000x949.jpg\" alt=\"\" class=\"wp-image-1845\" srcset=\"https:\/\/www.kienzl.net\/blog\/wp-content\/uploads\/2025\/09\/20250917_134822-korr-web1200-2000x949.jpg 2000w, https:\/\/www.kienzl.net\/blog\/wp-content\/uploads\/2025\/09\/20250917_134822-korr-web1200-300x142.jpg 300w, https:\/\/www.kienzl.net\/blog\/wp-content\/uploads\/2025\/09\/20250917_134822-korr-web1200-768x365.jpg 768w, https:\/\/www.kienzl.net\/blog\/wp-content\/uploads\/2025\/09\/20250917_134822-korr-web1200-1536x729.jpg 1536w, https:\/\/www.kienzl.net\/blog\/wp-content\/uploads\/2025\/09\/20250917_134822-korr-web1200-2048x972.jpg 2048w\" sizes=\"auto, (max-width: 2000px) 100vw, 2000px\" \/><\/figure>\n\n\n\n<figure class=\"wp-block-image size-large\"><img loading=\"lazy\" decoding=\"async\" width=\"1200\" height=\"560\" data-id=\"1844\" src=\"https:\/\/www.kienzl.net\/blog\/wp-content\/uploads\/2025\/09\/20250917_134904-korr-web1200.jpg\" alt=\"\" class=\"wp-image-1844\" srcset=\"https:\/\/www.kienzl.net\/blog\/wp-content\/uploads\/2025\/09\/20250917_134904-korr-web1200.jpg 1200w, https:\/\/www.kienzl.net\/blog\/wp-content\/uploads\/2025\/09\/20250917_134904-korr-web1200-300x140.jpg 300w, https:\/\/www.kienzl.net\/blog\/wp-content\/uploads\/2025\/09\/20250917_134904-korr-web1200-768x358.jpg 768w\" sizes=\"auto, (max-width: 1200px) 100vw, 1200px\" \/><\/figure>\n<\/figure>\n\n\n\n<p>In der Ausstellung <em><strong>found abstracts | palms<\/strong><\/em> zeige ich einen Einblick in meinen Werkblock \u201e<em>found abstracts<\/em>\u201c, bei dem ich die Auswirkungen verschiedener Farbkombinationen auf Figur und Grund bildnerisch untersuche.<\/p>\n\n\n\n<p>Ich mache das anhand von in der Natur vorgefundenen \u201eBildern\u201c, wie etwa Spr\u00fcngen im Asphalt oder in Glasplatten oder, wie im aktuellen Zyklus \u201e<em>palms<\/em>\u201c beim Blick durch das Bl\u00e4tterdach von Palmen. Ich halte sie fotografisch fest und setze sie in analoge Gem\u00e4lde, Zeichnungen oder Grafiken um, die dann als abstrakte Werke wahrgenommen werden, wenn man deren \u201enat\u00fcrlichen\u201c Ursprung nicht kennt.<\/p>\n\n\n\n<p>In einem Teil der Ausstellung zeige ich eine erst k\u00fcrzlich fertiggestellte Serie von gro\u00dfformatigen Siebdrucken aus diesem Zyklus.<\/p>\n\n\n\n<div class=\"wp-block-media-text is-stacked-on-mobile is-vertically-aligned-bottom\" style=\"grid-template-columns:15% auto\"><figure class=\"wp-block-media-text__media\"><img loading=\"lazy\" decoding=\"async\" width=\"252\" height=\"300\" src=\"https:\/\/www.kienzl.net\/blog\/wp-content\/uploads\/2025\/09\/logo-gauermannmuseum-web300.jpg\" alt=\"\" class=\"wp-image-1847 size-full\"\/><\/figure><div class=\"wp-block-media-text__content\">\n<p>Die Ausstellung ist<br \/>vom 20. September bis 30. November 2025<br \/>im <a href=\"http:\/\/www.gauermannmuseum.at\">Gauermannmuseum<\/a><br \/>2761 Miesenbach, Scheuchenstein 127<br \/>zu sehen<\/p>\n<\/div><\/div>\n\n\n\n<p><\/p>\n","protected":false},"excerpt":{"rendered":"<p>Zeitgen\u00f6ssische Kunst trifft auf Biedermeier Im Gauermannmuseum in Miesenbach wird mit der k\u00fcrzlich er\u00f6ffneten AusstellungErnest A. Kienzl &#8211; found abstracts | palmsbis zum 30. November 2025 eine interessante Gegen\u00fcberstellung historischer und aktueller k\u00fcnstlerischer Positionen pr\u00e4sentiert.Im Erdgescho\u00df wie gewohnt die\u00a0Dauerausstellung Friedrich Gauermann\u00a0und die herausragende\u00a0Sonderausstellung &#8222;Eduard Ritter&#8220;, \u00a0in der\u00a0zeitgen\u00f6ssischen Galerie im 1. Stock die Ausstellung des St.\u00a0P\u00f6ltner [&hellip;]<\/p>\n","protected":false},"author":5,"featured_media":1853,"comment_status":"open","ping_status":"open","sticky":false,"template":"","format":"standard","meta":{"footnotes":""},"categories":[1],"tags":[11,93,311,310],"class_list":["post-1841","post","type-post","status-publish","format-standard","has-post-thumbnail","hentry","category-allgemein","tag-ausstellung","tag-exhibition","tag-gauermann","tag-gauermannmuseum"],"_links":{"self":[{"href":"https:\/\/www.kienzl.net\/blog\/wp-json\/wp\/v2\/posts\/1841","targetHints":{"allow":["GET"]}}],"collection":[{"href":"https:\/\/www.kienzl.net\/blog\/wp-json\/wp\/v2\/posts"}],"about":[{"href":"https:\/\/www.kienzl.net\/blog\/wp-json\/wp\/v2\/types\/post"}],"author":[{"embeddable":true,"href":"https:\/\/www.kienzl.net\/blog\/wp-json\/wp\/v2\/users\/5"}],"replies":[{"embeddable":true,"href":"https:\/\/www.kienzl.net\/blog\/wp-json\/wp\/v2\/comments?post=1841"}],"version-history":[{"count":4,"href":"https:\/\/www.kienzl.net\/blog\/wp-json\/wp\/v2\/posts\/1841\/revisions"}],"predecessor-version":[{"id":1850,"href":"https:\/\/www.kienzl.net\/blog\/wp-json\/wp\/v2\/posts\/1841\/revisions\/1850"}],"wp:featuredmedia":[{"embeddable":true,"href":"https:\/\/www.kienzl.net\/blog\/wp-json\/wp\/v2\/media\/1853"}],"wp:attachment":[{"href":"https:\/\/www.kienzl.net\/blog\/wp-json\/wp\/v2\/media?parent=1841"}],"wp:term":[{"taxonomy":"category","embeddable":true,"href":"https:\/\/www.kienzl.net\/blog\/wp-json\/wp\/v2\/categories?post=1841"},{"taxonomy":"post_tag","embeddable":true,"href":"https:\/\/www.kienzl.net\/blog\/wp-json\/wp\/v2\/tags?post=1841"}],"curies":[{"name":"wp","href":"https:\/\/api.w.org\/{rel}","templated":true}]}}