{"id":177,"date":"2012-11-23T10:45:40","date_gmt":"2012-11-23T10:45:40","guid":{"rendered":"http:\/\/www.kienzl.net\/blog\/?p=177"},"modified":"2012-11-27T10:49:17","modified_gmt":"2012-11-27T09:49:17","slug":"ausstellung-dialog-2-im-kunstwerk-st-polten-eroffnet-2","status":"publish","type":"post","link":"https:\/\/www.kienzl.net\/blog\/2012\/11\/ausstellung-dialog-2-im-kunstwerk-st-polten-eroffnet-2\/","title":{"rendered":"Ausstellung &#8222;Dialog 2&#8220; im KUNST:WERK St. P\u00f6lten er\u00f6ffnet"},"content":{"rendered":"<p><a href=\"http:\/\/www.kienzl.net\/blog\/2012\/11\/ausstellung-dialog-2-im-kunstwerk-st-polten-eroffnet-2\/dialog2-presse2-web-800\/\" rel=\"attachment wp-att-239\"><img loading=\"lazy\" decoding=\"async\" class=\"alignnone size-medium wp-image-239\" title=\"dialog2-presse2-web-800\" src=\"http:\/\/www.kienzl.net\/blog\/wp-content\/uploads\/2012\/11\/dialog2-presse2-web-800-e1354009418394-300x121.jpg\" alt=\"\" width=\"300\" height=\"121\" srcset=\"https:\/\/www.kienzl.net\/blog\/wp-content\/uploads\/2012\/11\/dialog2-presse2-web-800-e1354009418394-300x121.jpg 300w, https:\/\/www.kienzl.net\/blog\/wp-content\/uploads\/2012\/11\/dialog2-presse2-web-800-e1354009418394.jpg 798w\" sizes=\"auto, (max-width: 300px) 100vw, 300px\" \/><\/a><br \/>\n<!-- cleanup 12\/2017 --><br \/>\nBei der Vernissage zur Ausstellung <em><strong>&#8222;Dialog 2&#8220;<\/strong><\/em> konnte ich wieder zahlreiche G\u00e4ste begr\u00fc\u00dfen.<\/p>\n<p>Bis in die sp\u00e4ten Abendstunden gab es Diskussionen und Dialoge mit den K\u00fcnstlerinnen und K\u00fcnstlern \u00fcber deren Arbeiten.<\/p>\n","protected":false},"excerpt":{"rendered":"<p>Bei der Vernissage zur Ausstellung &#8222;Dialog 2&#8220; konnte ich wieder zahlreiche G\u00e4ste begr\u00fc\u00dfen. Bis in die sp\u00e4ten Abendstunden gab es Diskussionen und Dialoge mit den K\u00fcnstlerinnen und K\u00fcnstlern \u00fcber deren Arbeiten.<\/p>\n","protected":false},"author":5,"featured_media":0,"comment_status":"closed","ping_status":"closed","sticky":false,"template":"","format":"standard","meta":{"footnotes":""},"categories":[1],"tags":[11,20,24,25,19,22],"class_list":["post-177","post","type-post","status-publish","format-standard","hentry","category-allgemein","tag-ausstellung","tag-dialog","tag-dialog-2","tag-diskussion","tag-kunstwerk","tag-vernissage"],"_links":{"self":[{"href":"https:\/\/www.kienzl.net\/blog\/wp-json\/wp\/v2\/posts\/177","targetHints":{"allow":["GET"]}}],"collection":[{"href":"https:\/\/www.kienzl.net\/blog\/wp-json\/wp\/v2\/posts"}],"about":[{"href":"https:\/\/www.kienzl.net\/blog\/wp-json\/wp\/v2\/types\/post"}],"author":[{"embeddable":true,"href":"https:\/\/www.kienzl.net\/blog\/wp-json\/wp\/v2\/users\/5"}],"replies":[{"embeddable":true,"href":"https:\/\/www.kienzl.net\/blog\/wp-json\/wp\/v2\/comments?post=177"}],"version-history":[{"count":0,"href":"https:\/\/www.kienzl.net\/blog\/wp-json\/wp\/v2\/posts\/177\/revisions"}],"wp:attachment":[{"href":"https:\/\/www.kienzl.net\/blog\/wp-json\/wp\/v2\/media?parent=177"}],"wp:term":[{"taxonomy":"category","embeddable":true,"href":"https:\/\/www.kienzl.net\/blog\/wp-json\/wp\/v2\/categories?post=177"},{"taxonomy":"post_tag","embeddable":true,"href":"https:\/\/www.kienzl.net\/blog\/wp-json\/wp\/v2\/tags?post=177"}],"curies":[{"name":"wp","href":"https:\/\/api.w.org\/{rel}","templated":true}]}}