{"id":1308,"date":"2023-11-24T23:26:01","date_gmt":"2023-11-24T22:26:01","guid":{"rendered":"https:\/\/www.kienzl.net\/blog\/?p=1308"},"modified":"2023-11-24T23:39:44","modified_gmt":"2023-11-24T22:39:44","slug":"vierundzwanzig-23","status":"publish","type":"post","link":"https:\/\/www.kienzl.net\/blog\/2023\/11\/vierundzwanzig-23\/","title":{"rendered":"vierundzwanzig 23"},"content":{"rendered":"\n<div class=\"wp-block-media-text is-stacked-on-mobile\" style=\"grid-template-columns:16% auto\"><figure class=\"wp-block-media-text__media\"><img loading=\"lazy\" decoding=\"async\" width=\"375\" height=\"800\" src=\"https:\/\/www.kienzl.net\/blog\/wp-content\/uploads\/2023\/11\/adventkalender__einladung-24_23-web-800.jpg\" alt=\"Einladung vierundzwanzig 23\" class=\"wp-image-1299 size-full\" srcset=\"https:\/\/www.kienzl.net\/blog\/wp-content\/uploads\/2023\/11\/adventkalender__einladung-24_23-web-800.jpg 375w, https:\/\/www.kienzl.net\/blog\/wp-content\/uploads\/2023\/11\/adventkalender__einladung-24_23-web-800-141x300.jpg 141w\" sizes=\"auto, (max-width: 375px) 100vw, 375px\" \/><\/figure><div class=\"wp-block-media-text__content\">\n<p><em><strong>vierundzwanzig 23,<\/strong><\/em><br \/><strong><em>der Adventkalender des St. P\u00f6ltner K\u00fcnstlerbundes<\/em><\/strong><br \/>Vom 1. bis zum 24. Dezember \u00f6ffnet sich t\u00e4glich ein Fenster im Adventkalender auf der\u00a0 Facebookseite<br \/>des\u00a0<a href=\"https:\/\/www.facebook.com\/stp.kb\" target=\"_blank\" rel=\"noreferrer noopener\">St. P\u00f6ltner K\u00fcnstlerbundes<\/a><\/p>\n\n\n\n<p>Im KUNST:WERK St. P\u00f6lten werden die Werke vom 23. 11. bis 16. 12 analog gezeigt.<\/p>\n<\/div><\/div>\n\n\n\n<p>Jeden Tag bis zum 24.12.2023 wird,<br \/>begleitend zur Ausstellung\u00a0>>VIERUNDZWANZIG 23&lt;&lt;,<br \/>ein Werk und die K\u00fcnstlerin, der K\u00fcnstler, vorgestellt.<br \/><br \/>Spannendes von Aquarell bis Digitaler Kunst, Figurinen, Zeichnungen, klassischer Malerei, Fotografie und Keramik wird pr\u00e4sentiert. Vielleicht ist sogar ein passendes Weihnachtsgeschenk dabei\u2026?<\/p>\n\n\n\n<p><strong>Teilnehmende K\u00fcnstler+innen:<\/strong><\/p>\n\n\n\n<p>Eva Bakalar, Hermine Karigl-Wagenhofer, Ernest A. Kienzl, Herbert Kraus, Mark Rossell, Brigitte Saugstad, Margareta Weichhart-Antony<br \/>G\u00e4ste Judith Fortelny, Edith Haiderer, Merle Weber, Anneliese Repp-Antony, Erich Karner-Lilienfeld&nbsp;<\/p>\n\n\n\n<p><strong>Kuratorin:<\/strong>&nbsp;Margareta Weichhart-Antony<\/p>\n","protected":false},"excerpt":{"rendered":"<p>vierundzwanzig 23,der Adventkalender des St. P\u00f6ltner K\u00fcnstlerbundesVom 1. bis zum 24. Dezember \u00f6ffnet sich t\u00e4glich ein Fenster im Adventkalender auf der\u00a0 Facebookseitedes\u00a0St. P\u00f6ltner K\u00fcnstlerbundes Im KUNST:WERK St. P\u00f6lten werden die Werke vom 23. 11. bis 16. 12 analog gezeigt. Jeden Tag bis zum 24.12.2023 wird,begleitend zur Ausstellung\u00a0>>VIERUNDZWANZIG 23&lt;&lt;,ein Werk und die K\u00fcnstlerin, der K\u00fcnstler, vorgestellt. [&hellip;]<\/p>\n","protected":false},"author":5,"featured_media":1314,"comment_status":"open","ping_status":"open","sticky":false,"template":"","format":"standard","meta":{"footnotes":""},"categories":[1],"tags":[252,11,166,19],"class_list":["post-1308","post","type-post","status-publish","format-standard","has-post-thumbnail","hentry","category-allgemein","tag-adventkalender","tag-ausstellung","tag-kienzl","tag-kunstwerk"],"_links":{"self":[{"href":"https:\/\/www.kienzl.net\/blog\/wp-json\/wp\/v2\/posts\/1308","targetHints":{"allow":["GET"]}}],"collection":[{"href":"https:\/\/www.kienzl.net\/blog\/wp-json\/wp\/v2\/posts"}],"about":[{"href":"https:\/\/www.kienzl.net\/blog\/wp-json\/wp\/v2\/types\/post"}],"author":[{"embeddable":true,"href":"https:\/\/www.kienzl.net\/blog\/wp-json\/wp\/v2\/users\/5"}],"replies":[{"embeddable":true,"href":"https:\/\/www.kienzl.net\/blog\/wp-json\/wp\/v2\/comments?post=1308"}],"version-history":[{"count":2,"href":"https:\/\/www.kienzl.net\/blog\/wp-json\/wp\/v2\/posts\/1308\/revisions"}],"predecessor-version":[{"id":1311,"href":"https:\/\/www.kienzl.net\/blog\/wp-json\/wp\/v2\/posts\/1308\/revisions\/1311"}],"wp:featuredmedia":[{"embeddable":true,"href":"https:\/\/www.kienzl.net\/blog\/wp-json\/wp\/v2\/media\/1314"}],"wp:attachment":[{"href":"https:\/\/www.kienzl.net\/blog\/wp-json\/wp\/v2\/media?parent=1308"}],"wp:term":[{"taxonomy":"category","embeddable":true,"href":"https:\/\/www.kienzl.net\/blog\/wp-json\/wp\/v2\/categories?post=1308"},{"taxonomy":"post_tag","embeddable":true,"href":"https:\/\/www.kienzl.net\/blog\/wp-json\/wp\/v2\/tags?post=1308"}],"curies":[{"name":"wp","href":"https:\/\/api.w.org\/{rel}","templated":true}]}}