{"id":1264,"date":"2023-11-08T15:32:23","date_gmt":"2023-11-08T14:32:23","guid":{"rendered":"https:\/\/www.kienzl.net\/blog\/?p=1264"},"modified":"2023-11-21T11:43:45","modified_gmt":"2023-11-21T10:43:45","slug":"abstrakt-abstrakt","status":"publish","type":"post","link":"https:\/\/www.kienzl.net\/blog\/2023\/11\/abstrakt-abstrakt\/","title":{"rendered":"ABSTRAKT &#038; ABSTRAKT"},"content":{"rendered":"\n<figure class=\"wp-block-image size-full\"><a href=\"http:\/\/kienzl.net\/2023\/abstrakt_mail_96.pdf\" target=\"_blank\" rel=\"noreferrer noopener\"><img loading=\"lazy\" decoding=\"async\" width=\"1134\" height=\"907\" src=\"https:\/\/www.kienzl.net\/blog\/wp-content\/uploads\/2023\/11\/abstrakt_mail_96.jpg\" alt=\"\" class=\"wp-image-1265\" srcset=\"https:\/\/www.kienzl.net\/blog\/wp-content\/uploads\/2023\/11\/abstrakt_mail_96.jpg 1134w, https:\/\/www.kienzl.net\/blog\/wp-content\/uploads\/2023\/11\/abstrakt_mail_96-300x240.jpg 300w, https:\/\/www.kienzl.net\/blog\/wp-content\/uploads\/2023\/11\/abstrakt_mail_96-768x614.jpg 768w\" sizes=\"auto, (max-width: 1134px) 100vw, 1134px\" \/><\/a><\/figure>\n\n\n\n<p>Ich freue mich<br \/>zur Er\u00f6ffnung und zum Besuch der Ausstellung<br \/><br \/><strong>Nora Bachel und Ernest A. Kienzl<br \/>ABSTRAKT &amp; ABSTRAKT<br \/><\/strong><br \/>im kunstraum<strong>arcade<\/strong> in 2340 M\u00f6dling, Hauptstra\u00dfe 79 (Beethovenhaus)<br \/>einladen zu d\u00fcrfen.<\/p>\n\n\n\n<p>Die Ausstellung ist vom 18. 11. bis 23. 12. 2023<br \/>Fr. 15.00-18.00, Sa. 10.00-13.00 und 14.00-17.00 Uhr ge\u00f6ffnet.<\/p>\n\n\n\n<p><strong>Er\u00f6ffnung<\/strong>: Samstag, 18. November 2023, 18.00 Uhr<\/p>\n\n\n\n<p> <\/p>\n","protected":false},"excerpt":{"rendered":"<p>Ich freue michzur Er\u00f6ffnung und zum Besuch der Ausstellung Nora Bachel und Ernest A. KienzlABSTRAKT &amp; ABSTRAKTim kunstraumarcade in 2340 M\u00f6dling, Hauptstra\u00dfe 79 (Beethovenhaus)einladen zu d\u00fcrfen. Die Ausstellung ist vom 18. 11. bis 23. 12. 2023Fr. 15.00-18.00, Sa. 10.00-13.00 und 14.00-17.00 Uhr ge\u00f6ffnet. Er\u00f6ffnung: Samstag, 18. November 2023, 18.00 Uhr<\/p>\n","protected":false},"author":5,"featured_media":1265,"comment_status":"open","ping_status":"open","sticky":false,"template":"","format":"standard","meta":{"footnotes":""},"categories":[1],"tags":[234,236,11,28,242,238,22],"class_list":["post-1264","post","type-post","status-publish","format-standard","has-post-thumbnail","hentry","category-allgemein","tag-abstrakt","tag-abstrakt-abstrakt","tag-ausstellung","tag-ausstellungsteilnahme","tag-kunstraumarcade","tag-moedling","tag-vernissage"],"_links":{"self":[{"href":"https:\/\/www.kienzl.net\/blog\/wp-json\/wp\/v2\/posts\/1264","targetHints":{"allow":["GET"]}}],"collection":[{"href":"https:\/\/www.kienzl.net\/blog\/wp-json\/wp\/v2\/posts"}],"about":[{"href":"https:\/\/www.kienzl.net\/blog\/wp-json\/wp\/v2\/types\/post"}],"author":[{"embeddable":true,"href":"https:\/\/www.kienzl.net\/blog\/wp-json\/wp\/v2\/users\/5"}],"replies":[{"embeddable":true,"href":"https:\/\/www.kienzl.net\/blog\/wp-json\/wp\/v2\/comments?post=1264"}],"version-history":[{"count":6,"href":"https:\/\/www.kienzl.net\/blog\/wp-json\/wp\/v2\/posts\/1264\/revisions"}],"predecessor-version":[{"id":1290,"href":"https:\/\/www.kienzl.net\/blog\/wp-json\/wp\/v2\/posts\/1264\/revisions\/1290"}],"wp:featuredmedia":[{"embeddable":true,"href":"https:\/\/www.kienzl.net\/blog\/wp-json\/wp\/v2\/media\/1265"}],"wp:attachment":[{"href":"https:\/\/www.kienzl.net\/blog\/wp-json\/wp\/v2\/media?parent=1264"}],"wp:term":[{"taxonomy":"category","embeddable":true,"href":"https:\/\/www.kienzl.net\/blog\/wp-json\/wp\/v2\/categories?post=1264"},{"taxonomy":"post_tag","embeddable":true,"href":"https:\/\/www.kienzl.net\/blog\/wp-json\/wp\/v2\/tags?post=1264"}],"curies":[{"name":"wp","href":"https:\/\/api.w.org\/{rel}","templated":true}]}}