{"id":1165,"date":"2023-03-09T00:40:20","date_gmt":"2023-03-08T23:40:20","guid":{"rendered":"https:\/\/www.kienzl.net\/blog\/?p=1165"},"modified":"2023-07-04T01:01:49","modified_gmt":"2023-07-03T23:01:49","slug":"teilnahme-an-und-kuratierung-der-ausstellung-parasiten","status":"publish","type":"post","link":"https:\/\/www.kienzl.net\/blog\/2023\/03\/teilnahme-an-und-kuratierung-der-ausstellung-parasiten\/","title":{"rendered":"Teilnahme an und Kuratierung der Ausstellung PARASITEN"},"content":{"rendered":"\n<p><\/p>\n\n\n\n<p><\/p>\n\n\n\n<div class=\"wp-block-media-text alignwide is-stacked-on-mobile\" style=\"grid-template-columns:24% auto\"><figure class=\"wp-block-media-text__media\"><img loading=\"lazy\" decoding=\"async\" width=\"300\" height=\"304\" src=\"https:\/\/www.kienzl.net\/blog\/wp-content\/uploads\/2023\/07\/logo-parasit-quadratweb-300.jpg\" alt=\"Logo Ausstellung PARASITEN\" class=\"wp-image-1166 size-full\" srcset=\"https:\/\/www.kienzl.net\/blog\/wp-content\/uploads\/2023\/07\/logo-parasit-quadratweb-300.jpg 300w, https:\/\/www.kienzl.net\/blog\/wp-content\/uploads\/2023\/07\/logo-parasit-quadratweb-300-296x300.jpg 296w\" sizes=\"auto, (max-width: 300px) 100vw, 300px\" \/><\/figure><div class=\"wp-block-media-text__content\">\n<p>Ich freue mich mit einem Plakat<em>\u00a0<\/em>in der Ausstellung<br \/><em><strong>straight edges + hard lines<\/strong><\/em>\u00a0vertreten zu sein.<br \/><br \/>Ich durfte die Ausstellung kuratieren und hoffe auf viele Besucherinnen und Besucher!<\/p>\n\n\n\n<p>Die Ausstellung ist vom&nbsp;9. M\u00e4rz bis 8. April 2023&nbsp;im&nbsp;<strong>KUNST:WERK St. P\u00f6lten<\/strong>, Linzerstra\u00dfe 16 (L\u00f6wInnenhof), Mittwoch bis Freitag von 16.00 bis 18.30 Uhr und Samstag von 10.00 bis 12.30 Uhr ge\u00f6ffnet.<\/p>\n\n\n\n<p><strong>Er\u00f6ffnung<\/strong>&nbsp;am&nbsp;<strong>9. M\u00e4rz 2023<\/strong>&nbsp;um&nbsp;<strong>18.30 Uhr<\/strong><\/p>\n\n\n\n<p><a href=\"https:\/\/www.stpoeltnerkuenstlerbund.at\/blog\/kunstwerk-2\/kunst-werk-parasiten\/\" data-type=\"URL\" data-id=\"https:\/\/www.stpoeltnerkuenstlerbund.at\/blog\/kunstwerk-2\/kunst-werk-parasiten\/\" target=\"_blank\" rel=\"noreferrer noopener\">Link to the exhibition website<\/a><\/p>\n<\/div><\/div>\n","protected":false},"excerpt":{"rendered":"<p>Ich freue mich mit einem Plakat\u00a0in der Ausstellungstraight edges + hard lines\u00a0vertreten zu sein. Ich durfte die Ausstellung kuratieren und hoffe auf viele Besucherinnen und Besucher! Die Ausstellung ist vom&nbsp;9. M\u00e4rz bis 8. April 2023&nbsp;im&nbsp;KUNST:WERK St. P\u00f6lten, Linzerstra\u00dfe 16 (L\u00f6wInnenhof), Mittwoch bis Freitag von 16.00 bis 18.30 Uhr und Samstag von 10.00 bis 12.30 Uhr [&hellip;]<\/p>\n","protected":false},"author":5,"featured_media":1169,"comment_status":"open","ping_status":"open","sticky":false,"template":"","format":"standard","meta":{"footnotes":""},"categories":[1],"tags":[11,28,19,230,22],"class_list":["post-1165","post","type-post","status-publish","format-standard","has-post-thumbnail","hentry","category-allgemein","tag-ausstellung","tag-ausstellungsteilnahme","tag-kunstwerk","tag-parasiten","tag-vernissage"],"_links":{"self":[{"href":"https:\/\/www.kienzl.net\/blog\/wp-json\/wp\/v2\/posts\/1165","targetHints":{"allow":["GET"]}}],"collection":[{"href":"https:\/\/www.kienzl.net\/blog\/wp-json\/wp\/v2\/posts"}],"about":[{"href":"https:\/\/www.kienzl.net\/blog\/wp-json\/wp\/v2\/types\/post"}],"author":[{"embeddable":true,"href":"https:\/\/www.kienzl.net\/blog\/wp-json\/wp\/v2\/users\/5"}],"replies":[{"embeddable":true,"href":"https:\/\/www.kienzl.net\/blog\/wp-json\/wp\/v2\/comments?post=1165"}],"version-history":[{"count":6,"href":"https:\/\/www.kienzl.net\/blog\/wp-json\/wp\/v2\/posts\/1165\/revisions"}],"predecessor-version":[{"id":1220,"href":"https:\/\/www.kienzl.net\/blog\/wp-json\/wp\/v2\/posts\/1165\/revisions\/1220"}],"wp:featuredmedia":[{"embeddable":true,"href":"https:\/\/www.kienzl.net\/blog\/wp-json\/wp\/v2\/media\/1169"}],"wp:attachment":[{"href":"https:\/\/www.kienzl.net\/blog\/wp-json\/wp\/v2\/media?parent=1165"}],"wp:term":[{"taxonomy":"category","embeddable":true,"href":"https:\/\/www.kienzl.net\/blog\/wp-json\/wp\/v2\/categories?post=1165"},{"taxonomy":"post_tag","embeddable":true,"href":"https:\/\/www.kienzl.net\/blog\/wp-json\/wp\/v2\/tags?post=1165"}],"curies":[{"name":"wp","href":"https:\/\/api.w.org\/{rel}","templated":true}]}}