{"id":114,"date":"2012-11-07T21:55:27","date_gmt":"2012-11-07T21:55:27","guid":{"rendered":"http:\/\/www.kienzl.net\/blog\/?p=114"},"modified":"2012-11-07T22:15:15","modified_gmt":"2012-11-07T22:15:15","slug":"p3-tv-bericht-uber-die-66-jahresausstellung-des-st-poltner-kunstlerbundes-online","status":"publish","type":"post","link":"https:\/\/www.kienzl.net\/blog\/2012\/11\/p3-tv-bericht-uber-die-66-jahresausstellung-des-st-poltner-kunstlerbundes-online\/","title":{"rendered":"P3-TV-Bericht \u00fcber die 66. Jahresausstellung des St. P\u00f6ltner K\u00fcnstlerbundes online"},"content":{"rendered":"<p><a href=\"http:\/\/www.kienzl.net\/blog\/2012\/11\/p3-tv-bericht-uber-die-66-jahresausstellung-des-st-poltner-kunstlerbundes-online\/p3tvregional_web-100x46\/\" rel=\"attachment wp-att-137\"><img loading=\"lazy\" decoding=\"async\" class=\"alignleft size-full wp-image-137\" title=\"P3tv+regional_web-100x46\" src=\"http:\/\/www.kienzl.net\/blog\/wp-content\/uploads\/2012\/11\/P3tv+regional_web-100x46.jpg\" alt=\"Logo P3-TV\" width=\"100\" height=\"46\" \/><\/a><br \/>\n<!-- cleanup 12\/2017 --><br \/>\nP3-TV berichtet \u00fcber die 66. Jahresausstellung des St. P\u00f6ltner K\u00fcnstlerbundes im Stadtmuseum St. P\u00f6lten. Mit einem Interview.<\/p>\n<p><a title=\"Bericht in P3-TV\" href=\"http:\/\/www.p3tv.at\/webtv\/4545-66-jahre-begeisterung-fuer-kunst\" target=\"_blank\">http:\/\/www.p3tv.at\/webtv\/4545-66-jahre-begeisterung-fuer-kunst<\/a><\/p>\n<p><a href=\"http:\/\/www.stpoeltnerkuenstlerbund.at\" rel=\"attachment wp-att-135\" target=\"_blank\"><img loading=\"lazy\" decoding=\"async\" class=\"alignleft size-thumbnail wp-image-135\" title=\"66-jahresausstellung-Logo\" src=\"http:\/\/www.kienzl.net\/blog\/wp-content\/uploads\/2012\/11\/66-jahresausstellung-Logo-150x150.png\" alt=\"\" width=\"150\" height=\"150\" srcset=\"https:\/\/www.kienzl.net\/blog\/wp-content\/uploads\/2012\/11\/66-jahresausstellung-Logo-150x150.png 150w, https:\/\/www.kienzl.net\/blog\/wp-content\/uploads\/2012\/11\/66-jahresausstellung-Logo.png 240w\" sizes=\"auto, (max-width: 150px) 100vw, 150px\" \/><\/a><\/p>\n","protected":false},"excerpt":{"rendered":"<p>P3-TV berichtet \u00fcber die 66. Jahresausstellung des St. P\u00f6ltner K\u00fcnstlerbundes im Stadtmuseum St. P\u00f6lten. Mit einem Interview. http:\/\/www.p3tv.at\/webtv\/4545-66-jahre-begeisterung-fuer-kunst<\/p>\n","protected":false},"author":5,"featured_media":0,"comment_status":"closed","ping_status":"closed","sticky":false,"template":"","format":"standard","meta":{"footnotes":""},"categories":[1],"tags":[10,11],"class_list":["post-114","post","type-post","status-publish","format-standard","hentry","category-allgemein","tag-st-poltner-kunstlerbund","tag-ausstellung"],"_links":{"self":[{"href":"https:\/\/www.kienzl.net\/blog\/wp-json\/wp\/v2\/posts\/114","targetHints":{"allow":["GET"]}}],"collection":[{"href":"https:\/\/www.kienzl.net\/blog\/wp-json\/wp\/v2\/posts"}],"about":[{"href":"https:\/\/www.kienzl.net\/blog\/wp-json\/wp\/v2\/types\/post"}],"author":[{"embeddable":true,"href":"https:\/\/www.kienzl.net\/blog\/wp-json\/wp\/v2\/users\/5"}],"replies":[{"embeddable":true,"href":"https:\/\/www.kienzl.net\/blog\/wp-json\/wp\/v2\/comments?post=114"}],"version-history":[{"count":0,"href":"https:\/\/www.kienzl.net\/blog\/wp-json\/wp\/v2\/posts\/114\/revisions"}],"wp:attachment":[{"href":"https:\/\/www.kienzl.net\/blog\/wp-json\/wp\/v2\/media?parent=114"}],"wp:term":[{"taxonomy":"category","embeddable":true,"href":"https:\/\/www.kienzl.net\/blog\/wp-json\/wp\/v2\/categories?post=114"},{"taxonomy":"post_tag","embeddable":true,"href":"https:\/\/www.kienzl.net\/blog\/wp-json\/wp\/v2\/tags?post=114"}],"curies":[{"name":"wp","href":"https:\/\/api.w.org\/{rel}","templated":true}]}}