{"id":1059,"date":"2023-06-11T17:45:26","date_gmt":"2023-06-11T15:45:26","guid":{"rendered":"https:\/\/www.kienzl.net\/blog\/?p=1059"},"modified":"2023-07-05T11:36:45","modified_gmt":"2023-07-05T09:36:45","slug":"straight-edges-hard-lines","status":"publish","type":"post","link":"https:\/\/www.kienzl.net\/blog\/2023\/06\/straight-edges-hard-lines\/","title":{"rendered":"straight edges + hard lines"},"content":{"rendered":"\n<div class=\"wp-block-media-text alignwide is-stacked-on-mobile\" style=\"grid-template-columns:18% auto\"><figure class=\"wp-block-media-text__media\"><img loading=\"lazy\" decoding=\"async\" width=\"382\" height=\"800\" src=\"https:\/\/www.kienzl.net\/blog\/wp-content\/uploads\/2023\/06\/einladung-straight_edges-web-800.jpg\" alt=\"Einladung zur Ausstellung STRAIGHT EDGES + HARD LINES\" class=\"wp-image-1015 size-full\" srcset=\"https:\/\/www.kienzl.net\/blog\/wp-content\/uploads\/2023\/06\/einladung-straight_edges-web-800.jpg 382w, https:\/\/www.kienzl.net\/blog\/wp-content\/uploads\/2023\/06\/einladung-straight_edges-web-800-143x300.jpg 143w\" sizes=\"auto, (max-width: 382px) 100vw, 382px\" \/><\/figure><div class=\"wp-block-media-text__content\">\n<p class=\"has-medium-font-size\">Ich freue mich mit einigen Arbeiten aus meinem Werkblock \u201e<em>Zeichen\u201c <\/em>in der Ausstellung<br \/><em><strong>straight edges + hard lines<\/strong><\/em> vertreten zu sein und hoffe auf viele Besucherinnen und Besucher!<\/p>\n\n\n\n<p>Die Ausstellung ist vom <strong>15. Juni bis 15. Juli 2023<\/strong> im <strong>KUNST:WERK St. P\u00f6lten<\/strong>, Linzerstra\u00dfe 16 (L\u00f6wInnenhof), Mittwoch bis Freitag von 16.00 bis 18.30 Uhr und Samstag von 10.00 bis 12.30 Uhr ge\u00f6ffnet.<\/p>\n\n\n\n<p><strong>Er\u00f6ffnung<\/strong> am <strong>15. Juni 2023<\/strong> um <strong>18.30 Uhr<\/strong><br \/><strong>Soft Opening ab 17.00 Uhr<\/strong><\/p>\n\n\n\n<p><a href=\"https:\/\/www.stpoeltnerkuenstlerbund.at\/blog\/kunstwerk-2\/kunst-werk-straight_edges\/\">Link zur Website der Ausstellung<\/a><\/p>\n<\/div><\/div>\n","protected":false},"excerpt":{"rendered":"<p>Ich freue mich mit einigen Arbeiten aus meinem Werkblock \u201eZeichen\u201c in der Ausstellungstraight edges + hard lines vertreten zu sein und hoffe auf viele Besucherinnen und Besucher! Die Ausstellung ist vom 15. Juni bis 15. Juli 2023 im KUNST:WERK St. P\u00f6lten, Linzerstra\u00dfe 16 (L\u00f6wInnenhof), Mittwoch bis Freitag von 16.00 bis 18.30 Uhr und Samstag von [&hellip;]<\/p>\n","protected":false},"author":5,"featured_media":1067,"comment_status":"open","ping_status":"open","sticky":false,"template":"","format":"standard","meta":{"footnotes":""},"categories":[1],"tags":[11,28,191,19,195,189,22,193],"class_list":["post-1059","post","type-post","status-publish","format-standard","has-post-thumbnail","hentry","category-allgemein","tag-ausstellung","tag-ausstellungsteilnahme","tag-hard-lines","tag-kunstwerk","tag-st-poelten","tag-straight-edges","tag-vernissage","tag-zeichnung"],"_links":{"self":[{"href":"https:\/\/www.kienzl.net\/blog\/wp-json\/wp\/v2\/posts\/1059","targetHints":{"allow":["GET"]}}],"collection":[{"href":"https:\/\/www.kienzl.net\/blog\/wp-json\/wp\/v2\/posts"}],"about":[{"href":"https:\/\/www.kienzl.net\/blog\/wp-json\/wp\/v2\/types\/post"}],"author":[{"embeddable":true,"href":"https:\/\/www.kienzl.net\/blog\/wp-json\/wp\/v2\/users\/5"}],"replies":[{"embeddable":true,"href":"https:\/\/www.kienzl.net\/blog\/wp-json\/wp\/v2\/comments?post=1059"}],"version-history":[{"count":5,"href":"https:\/\/www.kienzl.net\/blog\/wp-json\/wp\/v2\/posts\/1059\/revisions"}],"predecessor-version":[{"id":1222,"href":"https:\/\/www.kienzl.net\/blog\/wp-json\/wp\/v2\/posts\/1059\/revisions\/1222"}],"wp:featuredmedia":[{"embeddable":true,"href":"https:\/\/www.kienzl.net\/blog\/wp-json\/wp\/v2\/media\/1067"}],"wp:attachment":[{"href":"https:\/\/www.kienzl.net\/blog\/wp-json\/wp\/v2\/media?parent=1059"}],"wp:term":[{"taxonomy":"category","embeddable":true,"href":"https:\/\/www.kienzl.net\/blog\/wp-json\/wp\/v2\/categories?post=1059"},{"taxonomy":"post_tag","embeddable":true,"href":"https:\/\/www.kienzl.net\/blog\/wp-json\/wp\/v2\/tags?post=1059"}],"curies":[{"name":"wp","href":"https:\/\/api.w.org\/{rel}","templated":true}]}}